{"id":24,"date":"2014-11-12T15:12:05","date_gmt":"2014-11-12T15:12:05","guid":{"rendered":"https:\/\/2020.caminhodasaguas.org.br\/conversando-com-as-aguas-nas-midias\/"},"modified":"2014-11-12T15:12:05","modified_gmt":"2014-11-12T15:12:05","slug":"conversando-com-as-aguas-nas-midias","status":"publish","type":"post","link":"https:\/\/caminhodasaguas.org.br\/maya\/conversando-com-as-aguas-nas-midias\/","title":{"rendered":"Conversando com as \u00c1guas nas m\u00eddias &#8211; foco crise real"},"content":{"rendered":"\n<p>Quando encontramos o Kit de baixo custo<br \/><a href=\"http:\/\/13300.org\/index.php\/blog\/24-ferramentas\/13-kit-de-emergencia-de-analise-de-agua\" target=\"_blank\" rel=\"noopener noreferrer\">http:\/\/13300.org\/index.php\/blog\/24-ferramentas\/13-kit-de-emergencia-de-analise-de-agua<\/a><\/p>\n<p>Quando liberamos o primeiro relat\u00f3rio preliminar<br \/><a href=\"http:\/\/www.13300.org\/index.php\/blog\/22-aguas\/17-parceria-avalia-a-qualidade-da-agua-em-itu\" target=\"_blank\" rel=\"noopener noreferrer\">http:\/\/www.13300.org\/index.php\/blog\/22-aguas\/17-parceria-avalia-a-qualidade-da-agua-em-itu<\/a><\/p>\n<p>Quando saiu no Perisc\u00f3pio (impresso de Itu)<br \/><a href=\"http:\/\/jornalperiscopio.com.br\/site\/index.php\/apos-analise-ong-constata-contaminacao-na-agua-distribuida-para-consumo-em-itu\/\" target=\"_blank\" rel=\"noopener noreferrer\">http:\/\/jornalperiscopio.com.br\/site\/index.php\/apos-analise-ong-constata-contaminacao-na-agua-distribuida-para-consumo-em-itu\/<\/a><\/p>\n<p>Not\u00edcia no Itu.com.br<br \/><a href=\"http:\/\/www.itu.com.br\/agua\/noticia\/ong-monitora-e-analisa-qualidade-da-agua-captada-pela-populacao-em-itu-20141107\" target=\"_blank\" rel=\"noopener noreferrer\">http:\/\/www.itu.com.br\/agua\/noticia\/ong-monitora-e-analisa-qualidade-da-agua-captada-pela-populacao-em-itu-20141107<\/a><\/p>\n<p>Mat\u00e9ria na Folha\/UOL<br \/><a href=\"http:\/\/www1.folha.uol.com.br\/cotidiano\/2014\/11\/1546354-agua-distribuida-em-caixas-dagua-de-itu-e-impropria-para-consumo.shtml\" target=\"_blank\" rel=\"noopener noreferrer\">http:\/\/www1.folha.uol.com.br\/cotidiano\/2014\/11\/1546354-agua-distribuida-em-caixas-dagua-de-itu-e-impropria-para-consumo.shtml<\/a><\/p>\n<p>Mat\u00e9ria na TV TEM<br \/><a href=\"http:\/\/www1.folha.uol.com.br\/cotidiano\/2014\/11\/1546354-agua-distribuida-em-caixas-dagua-de-itu-e-impropria-para-consumo.shtml\" target=\"_blank\" rel=\"noopener noreferrer\">http:\/\/globotv.globo.com\/tv-tem-interior-sp\/tem-noticias-1a-edicao-sorocabajundiai\/v\/agua-retirada-de-pontos-de-distribuicao-esta-contaminada-em-itu\/3757206\/<\/a><\/p>\n<p>Not\u00edcia no G1<br \/><a href=\"http:\/\/g1.globo.com\/sao-paulo\/sorocaba-jundiai\/noticia\/2014\/11\/pesquisa-aponta-contaminacao-de-agua-distribuida-em-itu.html\" target=\"_blank\" rel=\"noopener noreferrer\">http:\/\/g1.globo.com\/sao-paulo\/sorocaba-jundiai\/noticia\/2014\/11\/pesquisa-aponta-contaminacao-de-agua-distribuida-em-itu.html<\/a><\/p>\n<p>Jornal GNN &#8211; Lu\u00eds\u00a0Nassif Online<br \/><a href=\"http:\/\/jornalggn.com.br\/noticia\/agua-distribuida-em-itu-precisa-de-cuidados-extras-antes-do-consumo\" target=\"_blank\" rel=\"noopener noreferrer\">http:\/\/jornalggn.com.br\/noticia\/agua-distribuida-em-itu-precisa-de-cuidados-extras-antes-do-consumo<\/a><\/p>\n<p>Not\u00edcia Exame<br \/><a href=\"http:\/\/exame.abril.com.br\/brasil\/noticias\/agua-distribuida-em-itu-e-impropria-para-beber\" target=\"_blank\" rel=\"noopener noreferrer\">http:\/\/exame.abril.com.br\/brasil\/noticias\/agua-distribuida-em-itu-e-impropria-para-beber<\/a><\/p>\n<p>TV Sol Comunidade<br \/><a href=\"http:\/\/tvsolcomunidade.com.br\/site\/?p=63038\" target=\"_blank\" rel=\"noopener noreferrer\">http:\/\/tvsolcomunidade.com.br\/site\/?p=63038<\/a><\/p>\n<p>Not\u00edcia do Portal Terra<br \/><a href=\"http:\/\/noticias.terra.com.br\/brasil\/cidades\/agua-contaminada-e-distribuida-em-itu,350acb84751a9410VgnVCM20000099cceb0aRCRD.html\" target=\"_blank\" rel=\"noopener noreferrer\">http:\/\/noticias.terra.com.br\/brasil\/cidades\/agua-contaminada-e-distribuida-em-itu,350acb84751a9410VgnVCM20000099cceb0aRCRD.html<\/a><\/p>\n<p>Not\u00edcia no Estad\u00e3o<br \/><a href=\"http:\/\/sao-paulo.estadao.com.br\/noticias\/geral,teste-aponta-que-agua-distribuida-em-itu-e-impropria-para-beber,1591387\" target=\"_blank\" rel=\"noopener noreferrer\">http:\/\/sao-paulo.estadao.com.br\/noticias\/geral,teste-aponta-que-agua-distribuida-em-itu-e-impropria-para-beber,1591387<\/a><\/p>\n<p>Not\u00edcias BOL<br \/><a href=\"http:\/\/noticias.bol.uol.com.br\/ultimas-noticias\/brasil\/2014\/11\/11\/agua-distribuida-em-itu-e-impropria-para-beber.htm\" target=\"_blank\" rel=\"noopener noreferrer\">http:\/\/noticias.bol.uol.com.br\/ultimas-noticias\/brasil\/2014\/11\/11\/agua-distribuida-em-itu-e-impropria-para-beber.htm<\/a><\/p>\n<p>V\u00eddeo TV Brasil<br \/><span style=\"line-height: 1.5\"><a href=\"http:\/\/tvbrasil.ebc.com.br\/reportersaopaulo\/episodio\/moradores-de-itu-recebem-agua-impropria-para-consumo-de-acordo-com-estudo\" target=\"_blank\" rel=\"noopener noreferrer\">http:\/\/tvbrasil.ebc.com.br\/reportersaopaulo\/episodio\/moradores-de-itu-recebem-agua-impropria-para-consumo-de-acordo-com-estudo<\/a><\/span><\/p>\n<p><span style=\"line-height: 1.5\">Jornal Cruzeiro do Sul<br \/><\/span><span style=\"line-height: 1.5\"><a href=\"http:\/\/www.cruzeirodosul.inf.br\/materia\/580376\/agua-distribuida-em-itu-e-impropria-para-o-consumo\" target=\"_blank\" rel=\"noopener noreferrer\">http:\/\/www.cruzeirodosul.inf.br\/materia\/580376\/agua-distribuida-em-itu-e-impropria-para-o-consumo<\/a><\/span><\/p>\n<p><span style=\"line-height: 1.5\">V\u00eddeo RIT Not\u00edcias<br \/><\/span><span style=\"line-height: 1.5\"><a href=\"https:\/\/www.youtube.com\/watch?v=oUT1iRbWVBA\" target=\"_blank\" rel=\"noopener noreferrer\">https:\/\/www.youtube.com\/watch?v=oUT1iRbWVBA<\/a><\/span><\/p>\n<p><span style=\"line-height: 1.5\">CM News<br \/><\/span><span style=\"line-height: 1.5\"><a href=\"http:\/\/www.cmconsultoria.com.br\/vercmnews.php?codigo=92154\" target=\"_blank\" rel=\"noopener noreferrer\">http:\/\/www.cmconsultoria.com.br\/vercmnews.php?codigo=92154<\/a><\/span><\/p>\n<p><span style=\"line-height: 1.5\">Folha Cotidiano resumida<br \/><\/span><span style=\"line-height: 1.5\"><a href=\"http:\/\/www1.folha.uol.com.br\/cotidiano\/2014\/11\/1546785-reservatorios-gigantes-de-itu-tem-agua-impropria.shtml\" target=\"_blank\" rel=\"noopener noreferrer\">http:\/\/www1.folha.uol.com.br\/cotidiano\/2014\/11\/1546785-reservatorios-gigantes-de-itu-tem-agua-impropria.shtml<\/a><\/span><\/p>\n<p><span style=\"line-height: 1.5\">Veja SP<br \/><\/span><span style=\"line-height: 1.5\"><a href=\"http:\/\/vejasp.abril.com.br\/materia\/agua-distribuida-em-itu-e-impropria-para-consumo\" target=\"_blank\" rel=\"noopener noreferrer\">http:\/\/vejasp.abril.com.br\/materia\/agua-distribuida-em-itu-e-impropria-para-consumo<\/a><\/span><\/p>\n<p>AgSolve<br \/><span style=\"line-height: 1.5\"><a href=\"http:\/\/www.agsolve.com.br\/noticias\/pesquisa-aponta-contaminacao-de-agua-distribuida-em-itu\" target=\"_blank\" rel=\"noopener noreferrer\">http:\/\/www.agsolve.com.br\/noticias\/pesquisa-aponta-contaminacao-de-agua-distribuida-em-itu<\/a><\/span><\/p>\n<p><span style=\"line-height: 1.5\">Portal do Saneamento B\u00e1sico<\/span><\/p>\n<p><span style=\"line-height: 1.5\"><a href=\"http:\/\/www.saneamentobasico.com.br\/portal\/index.php\/tratamento-de-agua\/agua-distribuida-em-itu-e-impropria-para-o-consumo\/\" target=\"_blank\" rel=\"noopener noreferrer\">http:\/\/www.saneamentobasico.com.br\/portal\/index.php\/tratamento-de-agua\/agua-distribuida-em-itu-e-impropria-para-o-consumo\/<\/a><\/span><\/p>\n<p>Meon not\u00edcias<br \/><span style=\"line-height: 1.5\"><a href=\"http:\/\/www.meon.com.br\/noticias\/nacional\/agua-distribuida-em-itu-e-impropria-para-beber\" target=\"_blank\" rel=\"noopener noreferrer\">http:\/\/www.meon.com.br\/noticias\/nacional\/agua-distribuida-em-itu-e-impropria-para-beber<\/a><\/span><\/p>\n<p><span style=\"line-height: 1.5\">Guarulhos web<br \/><\/span><span style=\"line-height: 1.5\"><a href=\"http:\/\/www.guarulhosweb.com.br\/noticia.php?nr=78554\" target=\"_blank\" rel=\"noopener noreferrer\">http:\/\/www.guarulhosweb.com.br\/noticia.php?nr=78554<\/a><\/span><\/p>\n<p><span style=\"line-height: 1.5\">Entrevista CBN<br \/><\/span><span style=\"line-height: 1.5\"><a href=\"http:\/\/cbn.globoradio.globo.com\/programas\/cbn-sao-paulo\/2014\/11\/12\/TESTES-REVELAM-QUE-AGUA-DISTRIBUIDA-EM-ITU-NO-INTERIOR-DE-SP-E-IMPROPRIA-PARA-CONSU.htm\" target=\"_blank\" rel=\"noopener noreferrer\">http:\/\/cbn.globoradio.globo.com\/programas\/cbn-sao-paulo\/2014\/11\/12\/TESTES-REVELAM-QUE-AGUA-DISTRIBUIDA-EM-ITU-NO-INTERIOR-DE-SP-E-IMPROPRIA-PARA-CONSU.htm<\/a><\/span><\/p>\n<p><span style=\"line-height: 1.5\">Correio do papagaio<br \/><\/span><span style=\"line-height: 1.5\"><a href=\"http:\/\/www.correiodopapagaio.com.br\/geral\/noticias\/gua_distribuda_em_itu__imprpria_para_beber\" target=\"_blank\" rel=\"noopener noreferrer\">http:\/\/www.correiodopapagaio.com.br\/geral\/noticias\/gua_distribuda_em_itu__imprpria_para_beber<\/a><\/span><\/p>\n<p><span style=\"line-height: 1.5\">Bem Paran\u00e1<br \/><\/span><span style=\"line-height: 1.5\"><a href=\"http:\/\/www.bemparana.com.br\/noticia\/358313\/concessionaria-contesta-estudo-sobre-contaminacao-da-agua-em-itu\" target=\"_blank\" rel=\"noopener noreferrer\">http:\/\/www.bemparana.com.br\/noticia\/358313\/concessionaria-contesta-estudo-sobre-contaminacao-da-agua-em-itu<\/a><\/span><\/p>\n<p><span style=\"line-height: 1.5\">Itu.com.br<br \/><\/span><span style=\"line-height: 1.5\"><a href=\"http:\/\/www.itu.com.br\/agua\/noticia\/concessionaria-contesta-analise-de-agua-de-reservatorios-feita-por-ong-20141113\" target=\"_blank\" rel=\"noopener noreferrer\">http:\/\/www.itu.com.br\/agua\/noticia\/concessionaria-contesta-analise-de-agua-de-reservatorios-feita-por-ong-20141113<\/a><\/span><\/p>\n<p><span style=\"line-height: 1.5\">Jornal Perisc\u00f3pio<br \/><\/span><span style=\"line-height: 1.5\"><a href=\"http:\/\/jornalperiscopio.com.br\/site\/index.php\/ong-rebate-questionamentos-da-aguas-de-itu-a-respeito-de-testes-em-reservatorios-publicos\/\" target=\"_blank\" rel=\"noopener noreferrer\">http:\/\/jornalperiscopio.com.br\/site\/index.php\/ong-rebate-questionamentos-da-aguas-de-itu-a-respeito-de-testes-em-reservatorios-publicos\/<\/a><\/span><\/p>\n<p><span style=\"line-height: 1.5\">Jornal de Piracicaba<br \/><\/span><span style=\"line-height: 1.5\"><a href=\"http:\/\/www.jornaldepiracicaba.com.br\/capa\/default.asp?p=xdnafolha&amp;idnot=11258\" target=\"_blank\" rel=\"noopener noreferrer\">http:\/\/www.jornaldepiracicaba.com.br\/capa\/default.asp?p=xdnafolha&amp;idnot=11258<\/a><\/span><\/p>\n<p><span style=\"line-height: 1.5\">Jornal Tabl\u00f3ide<br \/><\/span><span style=\"line-height: 1.5\"><a href=\"http:\/\/www.jornalotabloide.com.br\/info\/1814\/pesquisa_aponta_contaminacao_de_agua_distribuida_em_itu.php#.VGoWaPnF_L8\" target=\"_blank\" rel=\"noopener noreferrer\">http:\/\/www.jornalotabloide.com.br\/info\/1814\/pesquisa_aponta_contaminacao_de_agua_distribuida_em_itu.php#.VGoWaPnF_L8<\/a><\/span><\/p>\n<p><span style=\"line-height: 1.5\">Pianc\u00f3 Online<br \/><\/span><span style=\"line-height: 1.5\"><a href=\"http:\/\/www.piancoonline.com.br\/post.php?codigo=4114#.VGoW4_nF_L8\" target=\"_blank\" rel=\"noopener noreferrer\">http:\/\/www.piancoonline.com.br\/post.php?codigo=4114#.VGoW4_nF_L8<\/a><\/span><\/p>\n<p><span style=\"line-height: 1.5\">Boa Informa\u00e7\u00e3o<br \/><\/span><span style=\"line-height: 1.5\"><a href=\"http:\/\/boainformacao.com.br\/2014\/11\/agua-distribuida-em-itu-e-impropria-para-beber\/\" target=\"_blank\" rel=\"noopener noreferrer\">http:\/\/boainformacao.com.br\/2014\/11\/agua-distribuida-em-itu-e-impropria-para-beber\/<\/a><\/span><\/p>\n<div>\n<div>Folha de S\u00e3o Paulo &#8211; segunda mat\u00e9ria<\/div>\n<div><a href=\"http:\/\/www1.folha.uol.com.br\/cotidiano\/2014\/11\/1547279-concessionaria-contesta-estudo-sobre-contaminacao-da-agua-em-itu-sp.shtml\" target=\"_blank\" rel=\"noopener noreferrer\">http:\/\/www1.folha.uol.com.br\/cotidiano\/2014\/11\/1547279-concessionaria-contesta-estudo-sobre-contaminacao-da-agua-em-itu-sp.shtml<\/a><\/div>\n<div>\u00a0<\/div>\n<div>V\u00eddeo muito bom da Rede Record<\/div>\n<div><a href=\"http:\/\/videos.r7.com\/ong-alerta-para-agua-contaminada-em-itu\/idmedia\/546b3f7e0cf203b664262a37.html\" target=\"_blank\" rel=\"noopener noreferrer\">http:\/\/videos.r7.com\/ong-alerta-para-agua-contaminada-em-itu\/idmedia\/546b3f7e0cf203b664262a37.html<\/a><\/div>\n<\/p><\/div>\n","protected":false},"excerpt":{"rendered":"<p>Segue abaixo uma lista de links coletados entre os dias 08 e 17 de novembro de 2014 a partir de diferentes fontes de not\u00edcias sobre o projeto Conversando com as \u00c1guas em Itu.\u00a0<\/p>\n<h4>O link do relat\u00f3rio<br \/><a href=\"projetos\/analise\" target=\"_blank\" rel=\"noopener noreferrer\">http:\/\/www.caminhodasaguas.org.br\/projetos\/analise<\/a><\/h4>\n","protected":false},"author":1,"featured_media":23,"comment_status":"closed","ping_status":"closed","sticky":false,"template":"","format":"standard","meta":{"footnotes":""},"categories":[36,39],"tags":[],"class_list":["post-24","post","type-post","status-publish","format-standard","has-post-thumbnail","hentry","category-hidricos","category-projetos"],"blocksy_meta":[],"yoast_head":"<!-- This site is optimized with the Yoast SEO plugin v27.0 - https:\/\/yoast.com\/product\/yoast-seo-wordpress\/ -->\n<title>Conversando com as \u00c1guas nas m\u00eddias - foco crise real - Caminho das \u00c1guas 20 Anos<\/title>\n<meta name=\"robots\" content=\"index, follow, max-snippet:-1, max-image-preview:large, max-video-preview:-1\" \/>\n<link rel=\"canonical\" href=\"https:\/\/caminhodasaguas.org.br\/maya\/conversando-com-as-aguas-nas-midias\/\" \/>\n<meta property=\"og:locale\" content=\"pt_BR\" \/>\n<meta property=\"og:type\" content=\"article\" \/>\n<meta property=\"og:title\" content=\"Conversando com as \u00c1guas nas m\u00eddias - foco crise real - Caminho das \u00c1guas 20 Anos\" \/>\n<meta property=\"og:description\" content=\"Segue abaixo uma lista de links coletados entre os dias 08 e 17 de novembro de 2014 a partir de diferentes fontes de not\u00edcias sobre o projeto Conversando com as \u00c1guas em Itu.\u00a0 O link do relat\u00f3riohttp:\/\/www.caminhodasaguas.org.br\/projetos\/analise\" \/>\n<meta property=\"og:url\" content=\"https:\/\/caminhodasaguas.org.br\/maya\/conversando-com-as-aguas-nas-midias\/\" \/>\n<meta property=\"og:site_name\" content=\"Caminho das \u00c1guas 20 Anos\" \/>\n<meta property=\"article:publisher\" content=\"https:\/\/facebook.com\/caminhodasaguas\" \/>\n<meta property=\"article:published_time\" content=\"2014-11-12T15:12:05+00:00\" \/>\n<meta property=\"og:image\" content=\"https:\/\/caminhodasaguas.org.br\/maya\/wp-content\/uploads\/sites\/4\/2014\/11\/logoch2o-hrz-peq.png\" \/>\n\t<meta property=\"og:image:width\" content=\"150\" \/>\n\t<meta property=\"og:image:height\" content=\"61\" \/>\n\t<meta property=\"og:image:type\" content=\"image\/png\" \/>\n<meta name=\"author\" content=\"Netuno\" \/>\n<meta name=\"twitter:card\" content=\"summary_large_image\" \/>\n<meta name=\"twitter:creator\" content=\"@caminhodasaguas\" \/>\n<meta name=\"twitter:site\" content=\"@caminhodasaguas\" \/>\n<meta name=\"twitter:label1\" content=\"Escrito por\" \/>\n\t<meta name=\"twitter:data1\" content=\"Netuno\" \/>\n\t<meta name=\"twitter:label2\" content=\"Est. tempo de leitura\" \/>\n\t<meta name=\"twitter:data2\" content=\"2 minutos\" \/>\n<script type=\"application\/ld+json\" class=\"yoast-schema-graph\">{\"@context\":\"https:\/\/schema.org\",\"@graph\":[{\"@type\":\"Article\",\"@id\":\"https:\/\/caminhodasaguas.org.br\/maya\/conversando-com-as-aguas-nas-midias\/#article\",\"isPartOf\":{\"@id\":\"https:\/\/caminhodasaguas.org.br\/maya\/conversando-com-as-aguas-nas-midias\/\"},\"author\":{\"name\":\"Netuno\",\"@id\":\"https:\/\/caminhodasaguas.org.br\/maya\/#\/schema\/person\/4c4f4143eceaa9dbbbe513c2e83ba768\"},\"headline\":\"Conversando com as \u00c1guas nas m\u00eddias &#8211; foco crise real\",\"datePublished\":\"2014-11-12T15:12:05+00:00\",\"mainEntityOfPage\":{\"@id\":\"https:\/\/caminhodasaguas.org.br\/maya\/conversando-com-as-aguas-nas-midias\/\"},\"wordCount\":453,\"publisher\":{\"@id\":\"https:\/\/caminhodasaguas.org.br\/maya\/#organization\"},\"image\":{\"@id\":\"https:\/\/caminhodasaguas.org.br\/maya\/conversando-com-as-aguas-nas-midias\/#primaryimage\"},\"thumbnailUrl\":\"https:\/\/caminhodasaguas.org.br\/maya\/wp-content\/uploads\/sites\/4\/2014\/11\/logoch2o-hrz-peq.png\",\"articleSection\":[\"H\u00eddricos\",\"Projetos\"],\"inLanguage\":\"pt-BR\"},{\"@type\":\"WebPage\",\"@id\":\"https:\/\/caminhodasaguas.org.br\/maya\/conversando-com-as-aguas-nas-midias\/\",\"url\":\"https:\/\/caminhodasaguas.org.br\/maya\/conversando-com-as-aguas-nas-midias\/\",\"name\":\"Conversando com as \u00c1guas nas m\u00eddias - foco crise real - Caminho das \u00c1guas 20 Anos\",\"isPartOf\":{\"@id\":\"https:\/\/caminhodasaguas.org.br\/maya\/#website\"},\"primaryImageOfPage\":{\"@id\":\"https:\/\/caminhodasaguas.org.br\/maya\/conversando-com-as-aguas-nas-midias\/#primaryimage\"},\"image\":{\"@id\":\"https:\/\/caminhodasaguas.org.br\/maya\/conversando-com-as-aguas-nas-midias\/#primaryimage\"},\"thumbnailUrl\":\"https:\/\/caminhodasaguas.org.br\/maya\/wp-content\/uploads\/sites\/4\/2014\/11\/logoch2o-hrz-peq.png\",\"datePublished\":\"2014-11-12T15:12:05+00:00\",\"breadcrumb\":{\"@id\":\"https:\/\/caminhodasaguas.org.br\/maya\/conversando-com-as-aguas-nas-midias\/#breadcrumb\"},\"inLanguage\":\"pt-BR\",\"potentialAction\":[{\"@type\":\"ReadAction\",\"target\":[\"https:\/\/caminhodasaguas.org.br\/maya\/conversando-com-as-aguas-nas-midias\/\"]}]},{\"@type\":\"ImageObject\",\"inLanguage\":\"pt-BR\",\"@id\":\"https:\/\/caminhodasaguas.org.br\/maya\/conversando-com-as-aguas-nas-midias\/#primaryimage\",\"url\":\"https:\/\/caminhodasaguas.org.br\/maya\/wp-content\/uploads\/sites\/4\/2014\/11\/logoch2o-hrz-peq.png\",\"contentUrl\":\"https:\/\/caminhodasaguas.org.br\/maya\/wp-content\/uploads\/sites\/4\/2014\/11\/logoch2o-hrz-peq.png\",\"width\":150,\"height\":61,\"caption\":\"Caminho das \u00c1guas\"},{\"@type\":\"BreadcrumbList\",\"@id\":\"https:\/\/caminhodasaguas.org.br\/maya\/conversando-com-as-aguas-nas-midias\/#breadcrumb\",\"itemListElement\":[{\"@type\":\"ListItem\",\"position\":1,\"name\":\"In\u00edcio\",\"item\":\"https:\/\/caminhodasaguas.org.br\/maya\/\"},{\"@type\":\"ListItem\",\"position\":2,\"name\":\"Conversando com as \u00c1guas nas m\u00eddias &#8211; foco crise real\"}]},{\"@type\":\"WebSite\",\"@id\":\"https:\/\/caminhodasaguas.org.br\/maya\/#website\",\"url\":\"https:\/\/caminhodasaguas.org.br\/maya\/\",\"name\":\"Caminho das \u00c1guas 20 Anos\",\"description\":\"Movimento S\u00f3cio-Ambiental Caminho das \u00c1guas\",\"publisher\":{\"@id\":\"https:\/\/caminhodasaguas.org.br\/maya\/#organization\"},\"potentialAction\":[{\"@type\":\"SearchAction\",\"target\":{\"@type\":\"EntryPoint\",\"urlTemplate\":\"https:\/\/caminhodasaguas.org.br\/maya\/?s={search_term_string}\"},\"query-input\":{\"@type\":\"PropertyValueSpecification\",\"valueRequired\":true,\"valueName\":\"search_term_string\"}}],\"inLanguage\":\"pt-BR\"},{\"@type\":\"Organization\",\"@id\":\"https:\/\/caminhodasaguas.org.br\/maya\/#organization\",\"name\":\"Caminho das \u00c1guas\",\"url\":\"https:\/\/caminhodasaguas.org.br\/maya\/\",\"logo\":{\"@type\":\"ImageObject\",\"inLanguage\":\"pt-BR\",\"@id\":\"https:\/\/caminhodasaguas.org.br\/maya\/#\/schema\/logo\/image\/\",\"url\":\"https:\/\/caminhodasaguas.org.br\/wp-content\/uploads\/2020\/03\/logoch2o-hrz-grd.png\",\"contentUrl\":\"https:\/\/caminhodasaguas.org.br\/wp-content\/uploads\/2020\/03\/logoch2o-hrz-grd.png\",\"width\":1024,\"height\":420,\"caption\":\"Caminho das \u00c1guas\"},\"image\":{\"@id\":\"https:\/\/caminhodasaguas.org.br\/maya\/#\/schema\/logo\/image\/\"},\"sameAs\":[\"https:\/\/facebook.com\/caminhodasaguas\",\"https:\/\/x.com\/caminhodasaguas\",\"https:\/\/instagram.com\/caminhoh2o\",\"https:\/\/www.linkedin.com\/company\/ong-caminho-das-guas\"]},{\"@type\":\"Person\",\"@id\":\"https:\/\/caminhodasaguas.org.br\/maya\/#\/schema\/person\/4c4f4143eceaa9dbbbe513c2e83ba768\",\"name\":\"Netuno\",\"image\":{\"@type\":\"ImageObject\",\"inLanguage\":\"pt-BR\",\"@id\":\"https:\/\/caminhodasaguas.org.br\/maya\/#\/schema\/person\/image\/\",\"url\":\"https:\/\/secure.gravatar.com\/avatar\/1cf0626080881652ef4054ade0e09bec5cd63d7128e3e12b02f3713009d8e8df?s=96&d=mm&r=g\",\"contentUrl\":\"https:\/\/secure.gravatar.com\/avatar\/1cf0626080881652ef4054ade0e09bec5cd63d7128e3e12b02f3713009d8e8df?s=96&d=mm&r=g\",\"caption\":\"Netuno\"}}]}<\/script>\n<!-- \/ Yoast SEO plugin. -->","yoast_head_json":{"title":"Conversando com as \u00c1guas nas m\u00eddias - foco crise real - Caminho das \u00c1guas 20 Anos","robots":{"index":"index","follow":"follow","max-snippet":"max-snippet:-1","max-image-preview":"max-image-preview:large","max-video-preview":"max-video-preview:-1"},"canonical":"https:\/\/caminhodasaguas.org.br\/maya\/conversando-com-as-aguas-nas-midias\/","og_locale":"pt_BR","og_type":"article","og_title":"Conversando com as \u00c1guas nas m\u00eddias - foco crise real - Caminho das \u00c1guas 20 Anos","og_description":"Segue abaixo uma lista de links coletados entre os dias 08 e 17 de novembro de 2014 a partir de diferentes fontes de not\u00edcias sobre o projeto Conversando com as \u00c1guas em Itu.\u00a0 O link do relat\u00f3riohttp:\/\/www.caminhodasaguas.org.br\/projetos\/analise","og_url":"https:\/\/caminhodasaguas.org.br\/maya\/conversando-com-as-aguas-nas-midias\/","og_site_name":"Caminho das \u00c1guas 20 Anos","article_publisher":"https:\/\/facebook.com\/caminhodasaguas","article_published_time":"2014-11-12T15:12:05+00:00","og_image":[{"width":150,"height":61,"url":"https:\/\/caminhodasaguas.org.br\/maya\/wp-content\/uploads\/sites\/4\/2014\/11\/logoch2o-hrz-peq.png","type":"image\/png"}],"author":"Netuno","twitter_card":"summary_large_image","twitter_creator":"@caminhodasaguas","twitter_site":"@caminhodasaguas","twitter_misc":{"Escrito por":"Netuno","Est. tempo de leitura":"2 minutos"},"schema":{"@context":"https:\/\/schema.org","@graph":[{"@type":"Article","@id":"https:\/\/caminhodasaguas.org.br\/maya\/conversando-com-as-aguas-nas-midias\/#article","isPartOf":{"@id":"https:\/\/caminhodasaguas.org.br\/maya\/conversando-com-as-aguas-nas-midias\/"},"author":{"name":"Netuno","@id":"https:\/\/caminhodasaguas.org.br\/maya\/#\/schema\/person\/4c4f4143eceaa9dbbbe513c2e83ba768"},"headline":"Conversando com as \u00c1guas nas m\u00eddias &#8211; foco crise real","datePublished":"2014-11-12T15:12:05+00:00","mainEntityOfPage":{"@id":"https:\/\/caminhodasaguas.org.br\/maya\/conversando-com-as-aguas-nas-midias\/"},"wordCount":453,"publisher":{"@id":"https:\/\/caminhodasaguas.org.br\/maya\/#organization"},"image":{"@id":"https:\/\/caminhodasaguas.org.br\/maya\/conversando-com-as-aguas-nas-midias\/#primaryimage"},"thumbnailUrl":"https:\/\/caminhodasaguas.org.br\/maya\/wp-content\/uploads\/sites\/4\/2014\/11\/logoch2o-hrz-peq.png","articleSection":["H\u00eddricos","Projetos"],"inLanguage":"pt-BR"},{"@type":"WebPage","@id":"https:\/\/caminhodasaguas.org.br\/maya\/conversando-com-as-aguas-nas-midias\/","url":"https:\/\/caminhodasaguas.org.br\/maya\/conversando-com-as-aguas-nas-midias\/","name":"Conversando com as \u00c1guas nas m\u00eddias - foco crise real - Caminho das \u00c1guas 20 Anos","isPartOf":{"@id":"https:\/\/caminhodasaguas.org.br\/maya\/#website"},"primaryImageOfPage":{"@id":"https:\/\/caminhodasaguas.org.br\/maya\/conversando-com-as-aguas-nas-midias\/#primaryimage"},"image":{"@id":"https:\/\/caminhodasaguas.org.br\/maya\/conversando-com-as-aguas-nas-midias\/#primaryimage"},"thumbnailUrl":"https:\/\/caminhodasaguas.org.br\/maya\/wp-content\/uploads\/sites\/4\/2014\/11\/logoch2o-hrz-peq.png","datePublished":"2014-11-12T15:12:05+00:00","breadcrumb":{"@id":"https:\/\/caminhodasaguas.org.br\/maya\/conversando-com-as-aguas-nas-midias\/#breadcrumb"},"inLanguage":"pt-BR","potentialAction":[{"@type":"ReadAction","target":["https:\/\/caminhodasaguas.org.br\/maya\/conversando-com-as-aguas-nas-midias\/"]}]},{"@type":"ImageObject","inLanguage":"pt-BR","@id":"https:\/\/caminhodasaguas.org.br\/maya\/conversando-com-as-aguas-nas-midias\/#primaryimage","url":"https:\/\/caminhodasaguas.org.br\/maya\/wp-content\/uploads\/sites\/4\/2014\/11\/logoch2o-hrz-peq.png","contentUrl":"https:\/\/caminhodasaguas.org.br\/maya\/wp-content\/uploads\/sites\/4\/2014\/11\/logoch2o-hrz-peq.png","width":150,"height":61,"caption":"Caminho das \u00c1guas"},{"@type":"BreadcrumbList","@id":"https:\/\/caminhodasaguas.org.br\/maya\/conversando-com-as-aguas-nas-midias\/#breadcrumb","itemListElement":[{"@type":"ListItem","position":1,"name":"In\u00edcio","item":"https:\/\/caminhodasaguas.org.br\/maya\/"},{"@type":"ListItem","position":2,"name":"Conversando com as \u00c1guas nas m\u00eddias &#8211; foco crise real"}]},{"@type":"WebSite","@id":"https:\/\/caminhodasaguas.org.br\/maya\/#website","url":"https:\/\/caminhodasaguas.org.br\/maya\/","name":"Caminho das \u00c1guas 20 Anos","description":"Movimento S\u00f3cio-Ambiental Caminho das \u00c1guas","publisher":{"@id":"https:\/\/caminhodasaguas.org.br\/maya\/#organization"},"potentialAction":[{"@type":"SearchAction","target":{"@type":"EntryPoint","urlTemplate":"https:\/\/caminhodasaguas.org.br\/maya\/?s={search_term_string}"},"query-input":{"@type":"PropertyValueSpecification","valueRequired":true,"valueName":"search_term_string"}}],"inLanguage":"pt-BR"},{"@type":"Organization","@id":"https:\/\/caminhodasaguas.org.br\/maya\/#organization","name":"Caminho das \u00c1guas","url":"https:\/\/caminhodasaguas.org.br\/maya\/","logo":{"@type":"ImageObject","inLanguage":"pt-BR","@id":"https:\/\/caminhodasaguas.org.br\/maya\/#\/schema\/logo\/image\/","url":"https:\/\/caminhodasaguas.org.br\/wp-content\/uploads\/2020\/03\/logoch2o-hrz-grd.png","contentUrl":"https:\/\/caminhodasaguas.org.br\/wp-content\/uploads\/2020\/03\/logoch2o-hrz-grd.png","width":1024,"height":420,"caption":"Caminho das \u00c1guas"},"image":{"@id":"https:\/\/caminhodasaguas.org.br\/maya\/#\/schema\/logo\/image\/"},"sameAs":["https:\/\/facebook.com\/caminhodasaguas","https:\/\/x.com\/caminhodasaguas","https:\/\/instagram.com\/caminhoh2o","https:\/\/www.linkedin.com\/company\/ong-caminho-das-guas"]},{"@type":"Person","@id":"https:\/\/caminhodasaguas.org.br\/maya\/#\/schema\/person\/4c4f4143eceaa9dbbbe513c2e83ba768","name":"Netuno","image":{"@type":"ImageObject","inLanguage":"pt-BR","@id":"https:\/\/caminhodasaguas.org.br\/maya\/#\/schema\/person\/image\/","url":"https:\/\/secure.gravatar.com\/avatar\/1cf0626080881652ef4054ade0e09bec5cd63d7128e3e12b02f3713009d8e8df?s=96&d=mm&r=g","contentUrl":"https:\/\/secure.gravatar.com\/avatar\/1cf0626080881652ef4054ade0e09bec5cd63d7128e3e12b02f3713009d8e8df?s=96&d=mm&r=g","caption":"Netuno"}}]}},"_links":{"self":[{"href":"https:\/\/caminhodasaguas.org.br\/maya\/wp-json\/wp\/v2\/posts\/24","targetHints":{"allow":["GET"]}}],"collection":[{"href":"https:\/\/caminhodasaguas.org.br\/maya\/wp-json\/wp\/v2\/posts"}],"about":[{"href":"https:\/\/caminhodasaguas.org.br\/maya\/wp-json\/wp\/v2\/types\/post"}],"author":[{"embeddable":true,"href":"https:\/\/caminhodasaguas.org.br\/maya\/wp-json\/wp\/v2\/users\/1"}],"replies":[{"embeddable":true,"href":"https:\/\/caminhodasaguas.org.br\/maya\/wp-json\/wp\/v2\/comments?post=24"}],"version-history":[{"count":0,"href":"https:\/\/caminhodasaguas.org.br\/maya\/wp-json\/wp\/v2\/posts\/24\/revisions"}],"wp:featuredmedia":[{"embeddable":true,"href":"https:\/\/caminhodasaguas.org.br\/maya\/wp-json\/wp\/v2\/media\/23"}],"wp:attachment":[{"href":"https:\/\/caminhodasaguas.org.br\/maya\/wp-json\/wp\/v2\/media?parent=24"}],"wp:term":[{"taxonomy":"category","embeddable":true,"href":"https:\/\/caminhodasaguas.org.br\/maya\/wp-json\/wp\/v2\/categories?post=24"},{"taxonomy":"post_tag","embeddable":true,"href":"https:\/\/caminhodasaguas.org.br\/maya\/wp-json\/wp\/v2\/tags?post=24"}],"curies":[{"name":"wp","href":"https:\/\/api.w.org\/{rel}","templated":true}]}}