{"id":3295,"date":"2020-04-29T19:49:26","date_gmt":"2020-04-29T22:49:26","guid":{"rendered":"https:\/\/caminhodasaguas.org.br\/?p=3295"},"modified":"2020-04-29T19:49:26","modified_gmt":"2020-04-29T22:49:26","slug":"carta-publica-a-agua-e-o-saneamento-sao-servicos-essenciais-a-nacao","status":"publish","type":"post","link":"https:\/\/caminhodasaguas.org.br\/maya\/carta-publica-a-agua-e-o-saneamento-sao-servicos-essenciais-a-nacao\/","title":{"rendered":"Carta P\u00fablica: a \u00c1gua e o Saneamento s\u00e3o Servi\u00e7os Essenciais \u00e0 Na\u00e7\u00e3o"},"content":{"rendered":"<p>A humanidade est\u00e1 em um contexto de crise global, vivenciando a pandemia do COVID-19 (coronav\u00edrus) que, infelizmente, tende a se agravar.<\/p>\n<p>Ainda que na situa\u00e7\u00e3o de urg\u00eancia entre novos modos de viver, n\u00e3o h\u00e1 d\u00favidas que os Servi\u00e7os de Abastecimento de \u00c1gua, Esgotamento Sanit\u00e1rio e destino adequado aos Res\u00edduos S\u00f3lidos devem ser considerados como <strong>Servi\u00e7os Essenciais \u00e0 Na\u00e7\u00e3o<\/strong>, deveras garantindo o acesso universal \u00e0 \u00e1gua por todo cidad\u00e3o brasileiro, um Direito Humano expresso na Lei Federal n\u00ba 11.445\/2007.<!--more--><\/p>\n<p>Nosso objetivo com esta carta p\u00fablica \u00e9 apresentar uma <strong>nota de rep\u00fadio \u00e0 exclus\u00e3o<\/strong> dos itens VIII e IX, do par\u00e1grafo 1\u00ba, do Artigo 3\u00ba do antigo Decreto N\u00ba 10.282 de 20\/03\/2020, o qual foi alterado pelo novo Decreto N\u00ba 10.329 de 28\/04\/2020. Tais itens constavam que:<\/p>\n<p style=\"padding-left: 80px\">\u201cArt. 3\u00ba As medidas previstas na Lei n\u00ba 13.979, de 2020, dever\u00e3o resguardar o exerc\u00edcio e o funcionamento dos servi\u00e7os p\u00fablicos e atividades essenciais a que se refere o \u00a7 1\u00ba:<\/p>\n<p style=\"padding-left: 80px\">\u00a7 1\u00ba S\u00e3o servi\u00e7os p\u00fablicos e atividades essenciais aqueles indispens\u00e1veis ao atendimento das necessidades inadi\u00e1veis da comunidade, assim considerados aqueles que, se n\u00e3o atendidos, colocam em perigo a sobreviv\u00eancia, a sa\u00fade ou a seguran\u00e7a da popula\u00e7\u00e3o, tais como:<br \/>\n(&#8230;)<br \/>\n<strong>VIII &#8211; capta\u00e7\u00e3o, tratamento e distribui\u00e7\u00e3o de \u00e1gua; (Revogado pelo Decreto n\u00ba 10.329, de 2020)<\/strong><br \/>\n(&#8230;)<br \/>\n<strong>IX &#8211; capta\u00e7\u00e3o e tratamento de esgoto e lixo; (Revogado pelo Decreto n\u00ba 10.329, de 2020)\u201d<\/strong><\/p>\n<p>&nbsp;<\/p>\n<p>Entre as principais medidas preventivas ao cont\u00e1gio, que se d\u00e1 por meio da transmiss\u00e3o comunit\u00e1ria da doen\u00e7a, est\u00e3o: a lavagem das m\u00e3os, a assepsia dos locais onde h\u00e1 tr\u00e2nsito de pessoas, a higiene pessoal, o descarte corretos dos diversos tipos de res\u00edduos incluindo os hospitalares, entre tantas atividades que dependem diretamente das execu\u00e7\u00f5es e servi\u00e7os que, caso n\u00e3o sejam realizados adequadamente, podem colocar a vida das pessoas em maior situa\u00e7\u00e3o de risco.<\/p>\n<p>Ressalta-se que a pr\u00e1tica de higiene e lavagem das m\u00e3os \u00e9, comprovadamente, uma das medidas mais eficazes no combate \u00e0 contamina\u00e7\u00e3o do COVID-19, sendo a principal recomenda\u00e7\u00e3o da OMS e, inclusive, do Minist\u00e9rio da Sa\u00fade do Brasil.<\/p>\n<p>\u00c9 fundamental neste momento <strong>garantir o acesso \u00e0 \u00e1gua a todos os cidad\u00e3os<\/strong> e seres vivos, pagadores ou n\u00e3o pagadores, indiscriminadamente. Seu fornecimento \u00e9 medida imprescind\u00edvel para conter a pandemia, refor\u00e7ando que a \u00e1gua \u00e9 um elemento fundamental para para uma vida digna e sobreviv\u00eancia das esp\u00e9cies.<\/p>\n<p>Fato \u00e9 que tal medida adotada pelo Governo Federal coloca nosso pa\u00eds em risco, principalmente afetando a execu\u00e7\u00e3o dos servi\u00e7os realizados por prestadores de servi\u00e7os em saneamento, onde cada titular poder\u00e1 sofrer com interpreta\u00e7\u00f5es equivocadas perante a nova regulamenta\u00e7\u00e3o, com implica\u00e7\u00f5es legais e financeiras irremedi\u00e1veis diante do cen\u00e1rio incerto que se formou com o novo decreto.<\/p>\n<p>Neste sentido, diante dos Direitos Humanos e da Natureza, da defesa dos direitos individuais, coletivos e difusos, solicitamos apoio da Sociedade e exigimos que sejam adotadas medidas protetivas para <strong>o retorno dos Servi\u00e7os de Abastecimento e Saneamento como Servi\u00e7os Essenciais \u00e0 Na\u00e7\u00e3o<\/strong>.<\/p>\n<p>Sem mais, em busca da uni\u00e3o neste momento de pandemias, aguardamos uma resposta ativa das entidades competentes.<\/p>\n<p style=\"text-align: right\">Brasil, 29 de Abril de 2020<\/p>\n<p>&nbsp;<\/p>\n<h2 style=\"text-align: center\">Organiza\u00e7\u00f5es e pessoas que assinam esta carta p\u00fablica*<\/h2>\n<p>Associa\u00e7\u00e3o Movimento S\u00f3cio-Ambiental Caminho das \u00c1guas<br \/>\nAssocia\u00e7\u00e3o ProAzul<br \/>\nAssocia\u00e7\u00e3o SOS \u00c1guas<br \/>\nMe. Artur Bonini<br \/>\nMe. Engenheira Juliene Rodrigues<br \/>\nMe. Silvia Shinkai<br \/>\nPorto Rural<br \/>\nTyBrasil<\/p>\n<p>&nbsp;<\/p>\n<p>Post original em<br \/>\n*Caso deseje ser signat\u00e1ria(o) entre em contato pelos coment\u00e1rios no post original em <a href=\"https:\/\/brasil.aguas.ml\/carta-publica-a-agua-e-o-saneamento-sao-servicos-essenciais-a-nacao\/\" target=\"_blank\" rel=\"noopener noreferrer\">https:\/\/brasil.aguas.ml\/carta-publica-a-agua-e-o-saneamento-sao-servicos-essenciais-a-nacao\/<\/a><\/p>\n","protected":false},"excerpt":{"rendered":"<p>A humanidade est\u00e1 em um contexto de crise global, vivenciando a pandemia do COVID-19 (coronav\u00edrus) que, infelizmente, tende a se agravar. Ainda que na situa\u00e7\u00e3o de urg\u00eancia entre novos modos de viver, n\u00e3o h\u00e1 d\u00favidas que os Servi\u00e7os de Abastecimento de \u00c1gua, Esgotamento Sanit\u00e1rio e destino adequado aos Res\u00edduos S\u00f3lidos devem ser considerados como Servi\u00e7os [&hellip;]<\/p>\n","protected":false},"author":1,"featured_media":3296,"comment_status":"closed","ping_status":"open","sticky":false,"template":"","format":"standard","meta":{"footnotes":""},"categories":[37],"tags":[56,71,84,91,93,94],"class_list":["post-3295","post","type-post","status-publish","format-standard","has-post-thumbnail","hentry","category-institucional","tag-agua","tag-decreto-federal","tag-nota-de-repudio","tag-residuos","tag-saneamento","tag-servicos-essenciais"],"blocksy_meta":[],"yoast_head":"<!-- This site is optimized with the Yoast SEO plugin v27.0 - https:\/\/yoast.com\/product\/yoast-seo-wordpress\/ -->\n<title>Carta P\u00fablica: a \u00c1gua e o Saneamento s\u00e3o Servi\u00e7os Essenciais \u00e0 Na\u00e7\u00e3o - Caminho das \u00c1guas 20 Anos<\/title>\n<meta name=\"robots\" content=\"index, follow, max-snippet:-1, max-image-preview:large, max-video-preview:-1\" \/>\n<link rel=\"canonical\" href=\"https:\/\/caminhodasaguas.org.br\/maya\/carta-publica-a-agua-e-o-saneamento-sao-servicos-essenciais-a-nacao\/\" \/>\n<meta property=\"og:locale\" content=\"pt_BR\" \/>\n<meta property=\"og:type\" content=\"article\" \/>\n<meta property=\"og:title\" content=\"Carta P\u00fablica: a \u00c1gua e o Saneamento s\u00e3o Servi\u00e7os Essenciais \u00e0 Na\u00e7\u00e3o - Caminho das \u00c1guas 20 Anos\" \/>\n<meta property=\"og:description\" content=\"A humanidade est\u00e1 em um contexto de crise global, vivenciando a pandemia do COVID-19 (coronav\u00edrus) que, infelizmente, tende a se agravar. Ainda que na situa\u00e7\u00e3o de urg\u00eancia entre novos modos de viver, n\u00e3o h\u00e1 d\u00favidas que os Servi\u00e7os de Abastecimento de \u00c1gua, Esgotamento Sanit\u00e1rio e destino adequado aos Res\u00edduos S\u00f3lidos devem ser considerados como Servi\u00e7os [&hellip;]\" \/>\n<meta property=\"og:url\" content=\"https:\/\/caminhodasaguas.org.br\/maya\/carta-publica-a-agua-e-o-saneamento-sao-servicos-essenciais-a-nacao\/\" \/>\n<meta property=\"og:site_name\" content=\"Caminho das \u00c1guas 20 Anos\" \/>\n<meta property=\"article:publisher\" content=\"https:\/\/facebook.com\/caminhodasaguas\" \/>\n<meta property=\"article:published_time\" content=\"2020-04-29T22:49:26+00:00\" \/>\n<meta property=\"og:image\" content=\"https:\/\/caminhodasaguas.org.br\/maya\/wp-content\/uploads\/sites\/4\/2020\/04\/aguas-essencial.jpg\" \/>\n\t<meta property=\"og:image:width\" content=\"800\" \/>\n\t<meta property=\"og:image:height\" content=\"400\" \/>\n\t<meta property=\"og:image:type\" content=\"image\/jpeg\" \/>\n<meta name=\"author\" content=\"Netuno\" \/>\n<meta name=\"twitter:card\" content=\"summary_large_image\" \/>\n<meta name=\"twitter:creator\" content=\"@caminhodasaguas\" \/>\n<meta name=\"twitter:site\" content=\"@caminhodasaguas\" \/>\n<meta name=\"twitter:label1\" content=\"Escrito por\" \/>\n\t<meta name=\"twitter:data1\" content=\"Netuno\" \/>\n\t<meta name=\"twitter:label2\" content=\"Est. tempo de leitura\" \/>\n\t<meta name=\"twitter:data2\" content=\"3 minutos\" \/>\n<script type=\"application\/ld+json\" class=\"yoast-schema-graph\">{\"@context\":\"https:\/\/schema.org\",\"@graph\":[{\"@type\":\"Article\",\"@id\":\"https:\/\/caminhodasaguas.org.br\/maya\/carta-publica-a-agua-e-o-saneamento-sao-servicos-essenciais-a-nacao\/#article\",\"isPartOf\":{\"@id\":\"https:\/\/caminhodasaguas.org.br\/maya\/carta-publica-a-agua-e-o-saneamento-sao-servicos-essenciais-a-nacao\/\"},\"author\":{\"name\":\"Netuno\",\"@id\":\"https:\/\/caminhodasaguas.org.br\/maya\/#\/schema\/person\/4c4f4143eceaa9dbbbe513c2e83ba768\"},\"headline\":\"Carta P\u00fablica: a \u00c1gua e o Saneamento s\u00e3o Servi\u00e7os Essenciais \u00e0 Na\u00e7\u00e3o\",\"datePublished\":\"2020-04-29T22:49:26+00:00\",\"mainEntityOfPage\":{\"@id\":\"https:\/\/caminhodasaguas.org.br\/maya\/carta-publica-a-agua-e-o-saneamento-sao-servicos-essenciais-a-nacao\/\"},\"wordCount\":620,\"publisher\":{\"@id\":\"https:\/\/caminhodasaguas.org.br\/maya\/#organization\"},\"image\":{\"@id\":\"https:\/\/caminhodasaguas.org.br\/maya\/carta-publica-a-agua-e-o-saneamento-sao-servicos-essenciais-a-nacao\/#primaryimage\"},\"thumbnailUrl\":\"https:\/\/caminhodasaguas.org.br\/maya\/wp-content\/uploads\/sites\/4\/2020\/04\/aguas-essencial.jpg\",\"keywords\":[\"\u00e1gua\",\"DECRETO FEDERAL\",\"NOTA DE REP\u00daDIO\",\"RES\u00cdDUOS\",\"SANEAMENTO\",\"SERVI\u00c7OS ESSENCIAIS\"],\"articleSection\":[\"Institucional\"],\"inLanguage\":\"pt-BR\"},{\"@type\":\"WebPage\",\"@id\":\"https:\/\/caminhodasaguas.org.br\/maya\/carta-publica-a-agua-e-o-saneamento-sao-servicos-essenciais-a-nacao\/\",\"url\":\"https:\/\/caminhodasaguas.org.br\/maya\/carta-publica-a-agua-e-o-saneamento-sao-servicos-essenciais-a-nacao\/\",\"name\":\"Carta P\u00fablica: a \u00c1gua e o Saneamento s\u00e3o Servi\u00e7os Essenciais \u00e0 Na\u00e7\u00e3o - Caminho das \u00c1guas 20 Anos\",\"isPartOf\":{\"@id\":\"https:\/\/caminhodasaguas.org.br\/maya\/#website\"},\"primaryImageOfPage\":{\"@id\":\"https:\/\/caminhodasaguas.org.br\/maya\/carta-publica-a-agua-e-o-saneamento-sao-servicos-essenciais-a-nacao\/#primaryimage\"},\"image\":{\"@id\":\"https:\/\/caminhodasaguas.org.br\/maya\/carta-publica-a-agua-e-o-saneamento-sao-servicos-essenciais-a-nacao\/#primaryimage\"},\"thumbnailUrl\":\"https:\/\/caminhodasaguas.org.br\/maya\/wp-content\/uploads\/sites\/4\/2020\/04\/aguas-essencial.jpg\",\"datePublished\":\"2020-04-29T22:49:26+00:00\",\"breadcrumb\":{\"@id\":\"https:\/\/caminhodasaguas.org.br\/maya\/carta-publica-a-agua-e-o-saneamento-sao-servicos-essenciais-a-nacao\/#breadcrumb\"},\"inLanguage\":\"pt-BR\",\"potentialAction\":[{\"@type\":\"ReadAction\",\"target\":[\"https:\/\/caminhodasaguas.org.br\/maya\/carta-publica-a-agua-e-o-saneamento-sao-servicos-essenciais-a-nacao\/\"]}]},{\"@type\":\"ImageObject\",\"inLanguage\":\"pt-BR\",\"@id\":\"https:\/\/caminhodasaguas.org.br\/maya\/carta-publica-a-agua-e-o-saneamento-sao-servicos-essenciais-a-nacao\/#primaryimage\",\"url\":\"https:\/\/caminhodasaguas.org.br\/maya\/wp-content\/uploads\/sites\/4\/2020\/04\/aguas-essencial.jpg\",\"contentUrl\":\"https:\/\/caminhodasaguas.org.br\/maya\/wp-content\/uploads\/sites\/4\/2020\/04\/aguas-essencial.jpg\",\"width\":800,\"height\":400},{\"@type\":\"BreadcrumbList\",\"@id\":\"https:\/\/caminhodasaguas.org.br\/maya\/carta-publica-a-agua-e-o-saneamento-sao-servicos-essenciais-a-nacao\/#breadcrumb\",\"itemListElement\":[{\"@type\":\"ListItem\",\"position\":1,\"name\":\"In\u00edcio\",\"item\":\"https:\/\/caminhodasaguas.org.br\/maya\/\"},{\"@type\":\"ListItem\",\"position\":2,\"name\":\"Carta P\u00fablica: a \u00c1gua e o Saneamento s\u00e3o Servi\u00e7os Essenciais \u00e0 Na\u00e7\u00e3o\"}]},{\"@type\":\"WebSite\",\"@id\":\"https:\/\/caminhodasaguas.org.br\/maya\/#website\",\"url\":\"https:\/\/caminhodasaguas.org.br\/maya\/\",\"name\":\"Caminho das \u00c1guas 20 Anos\",\"description\":\"Movimento S\u00f3cio-Ambiental Caminho das \u00c1guas\",\"publisher\":{\"@id\":\"https:\/\/caminhodasaguas.org.br\/maya\/#organization\"},\"potentialAction\":[{\"@type\":\"SearchAction\",\"target\":{\"@type\":\"EntryPoint\",\"urlTemplate\":\"https:\/\/caminhodasaguas.org.br\/maya\/?s={search_term_string}\"},\"query-input\":{\"@type\":\"PropertyValueSpecification\",\"valueRequired\":true,\"valueName\":\"search_term_string\"}}],\"inLanguage\":\"pt-BR\"},{\"@type\":\"Organization\",\"@id\":\"https:\/\/caminhodasaguas.org.br\/maya\/#organization\",\"name\":\"Caminho das \u00c1guas\",\"url\":\"https:\/\/caminhodasaguas.org.br\/maya\/\",\"logo\":{\"@type\":\"ImageObject\",\"inLanguage\":\"pt-BR\",\"@id\":\"https:\/\/caminhodasaguas.org.br\/maya\/#\/schema\/logo\/image\/\",\"url\":\"https:\/\/caminhodasaguas.org.br\/wp-content\/uploads\/2020\/03\/logoch2o-hrz-grd.png\",\"contentUrl\":\"https:\/\/caminhodasaguas.org.br\/wp-content\/uploads\/2020\/03\/logoch2o-hrz-grd.png\",\"width\":1024,\"height\":420,\"caption\":\"Caminho das \u00c1guas\"},\"image\":{\"@id\":\"https:\/\/caminhodasaguas.org.br\/maya\/#\/schema\/logo\/image\/\"},\"sameAs\":[\"https:\/\/facebook.com\/caminhodasaguas\",\"https:\/\/x.com\/caminhodasaguas\",\"https:\/\/instagram.com\/caminhoh2o\",\"https:\/\/www.linkedin.com\/company\/ong-caminho-das-guas\"]},{\"@type\":\"Person\",\"@id\":\"https:\/\/caminhodasaguas.org.br\/maya\/#\/schema\/person\/4c4f4143eceaa9dbbbe513c2e83ba768\",\"name\":\"Netuno\",\"image\":{\"@type\":\"ImageObject\",\"inLanguage\":\"pt-BR\",\"@id\":\"https:\/\/caminhodasaguas.org.br\/maya\/#\/schema\/person\/image\/\",\"url\":\"https:\/\/secure.gravatar.com\/avatar\/1cf0626080881652ef4054ade0e09bec5cd63d7128e3e12b02f3713009d8e8df?s=96&d=mm&r=g\",\"contentUrl\":\"https:\/\/secure.gravatar.com\/avatar\/1cf0626080881652ef4054ade0e09bec5cd63d7128e3e12b02f3713009d8e8df?s=96&d=mm&r=g\",\"caption\":\"Netuno\"}}]}<\/script>\n<!-- \/ Yoast SEO plugin. -->","yoast_head_json":{"title":"Carta P\u00fablica: a \u00c1gua e o Saneamento s\u00e3o Servi\u00e7os Essenciais \u00e0 Na\u00e7\u00e3o - Caminho das \u00c1guas 20 Anos","robots":{"index":"index","follow":"follow","max-snippet":"max-snippet:-1","max-image-preview":"max-image-preview:large","max-video-preview":"max-video-preview:-1"},"canonical":"https:\/\/caminhodasaguas.org.br\/maya\/carta-publica-a-agua-e-o-saneamento-sao-servicos-essenciais-a-nacao\/","og_locale":"pt_BR","og_type":"article","og_title":"Carta P\u00fablica: a \u00c1gua e o Saneamento s\u00e3o Servi\u00e7os Essenciais \u00e0 Na\u00e7\u00e3o - Caminho das \u00c1guas 20 Anos","og_description":"A humanidade est\u00e1 em um contexto de crise global, vivenciando a pandemia do COVID-19 (coronav\u00edrus) que, infelizmente, tende a se agravar. Ainda que na situa\u00e7\u00e3o de urg\u00eancia entre novos modos de viver, n\u00e3o h\u00e1 d\u00favidas que os Servi\u00e7os de Abastecimento de \u00c1gua, Esgotamento Sanit\u00e1rio e destino adequado aos Res\u00edduos S\u00f3lidos devem ser considerados como Servi\u00e7os [&hellip;]","og_url":"https:\/\/caminhodasaguas.org.br\/maya\/carta-publica-a-agua-e-o-saneamento-sao-servicos-essenciais-a-nacao\/","og_site_name":"Caminho das \u00c1guas 20 Anos","article_publisher":"https:\/\/facebook.com\/caminhodasaguas","article_published_time":"2020-04-29T22:49:26+00:00","og_image":[{"width":800,"height":400,"url":"https:\/\/caminhodasaguas.org.br\/maya\/wp-content\/uploads\/sites\/4\/2020\/04\/aguas-essencial.jpg","type":"image\/jpeg"}],"author":"Netuno","twitter_card":"summary_large_image","twitter_creator":"@caminhodasaguas","twitter_site":"@caminhodasaguas","twitter_misc":{"Escrito por":"Netuno","Est. tempo de leitura":"3 minutos"},"schema":{"@context":"https:\/\/schema.org","@graph":[{"@type":"Article","@id":"https:\/\/caminhodasaguas.org.br\/maya\/carta-publica-a-agua-e-o-saneamento-sao-servicos-essenciais-a-nacao\/#article","isPartOf":{"@id":"https:\/\/caminhodasaguas.org.br\/maya\/carta-publica-a-agua-e-o-saneamento-sao-servicos-essenciais-a-nacao\/"},"author":{"name":"Netuno","@id":"https:\/\/caminhodasaguas.org.br\/maya\/#\/schema\/person\/4c4f4143eceaa9dbbbe513c2e83ba768"},"headline":"Carta P\u00fablica: a \u00c1gua e o Saneamento s\u00e3o Servi\u00e7os Essenciais \u00e0 Na\u00e7\u00e3o","datePublished":"2020-04-29T22:49:26+00:00","mainEntityOfPage":{"@id":"https:\/\/caminhodasaguas.org.br\/maya\/carta-publica-a-agua-e-o-saneamento-sao-servicos-essenciais-a-nacao\/"},"wordCount":620,"publisher":{"@id":"https:\/\/caminhodasaguas.org.br\/maya\/#organization"},"image":{"@id":"https:\/\/caminhodasaguas.org.br\/maya\/carta-publica-a-agua-e-o-saneamento-sao-servicos-essenciais-a-nacao\/#primaryimage"},"thumbnailUrl":"https:\/\/caminhodasaguas.org.br\/maya\/wp-content\/uploads\/sites\/4\/2020\/04\/aguas-essencial.jpg","keywords":["\u00e1gua","DECRETO FEDERAL","NOTA DE REP\u00daDIO","RES\u00cdDUOS","SANEAMENTO","SERVI\u00c7OS ESSENCIAIS"],"articleSection":["Institucional"],"inLanguage":"pt-BR"},{"@type":"WebPage","@id":"https:\/\/caminhodasaguas.org.br\/maya\/carta-publica-a-agua-e-o-saneamento-sao-servicos-essenciais-a-nacao\/","url":"https:\/\/caminhodasaguas.org.br\/maya\/carta-publica-a-agua-e-o-saneamento-sao-servicos-essenciais-a-nacao\/","name":"Carta P\u00fablica: a \u00c1gua e o Saneamento s\u00e3o Servi\u00e7os Essenciais \u00e0 Na\u00e7\u00e3o - Caminho das \u00c1guas 20 Anos","isPartOf":{"@id":"https:\/\/caminhodasaguas.org.br\/maya\/#website"},"primaryImageOfPage":{"@id":"https:\/\/caminhodasaguas.org.br\/maya\/carta-publica-a-agua-e-o-saneamento-sao-servicos-essenciais-a-nacao\/#primaryimage"},"image":{"@id":"https:\/\/caminhodasaguas.org.br\/maya\/carta-publica-a-agua-e-o-saneamento-sao-servicos-essenciais-a-nacao\/#primaryimage"},"thumbnailUrl":"https:\/\/caminhodasaguas.org.br\/maya\/wp-content\/uploads\/sites\/4\/2020\/04\/aguas-essencial.jpg","datePublished":"2020-04-29T22:49:26+00:00","breadcrumb":{"@id":"https:\/\/caminhodasaguas.org.br\/maya\/carta-publica-a-agua-e-o-saneamento-sao-servicos-essenciais-a-nacao\/#breadcrumb"},"inLanguage":"pt-BR","potentialAction":[{"@type":"ReadAction","target":["https:\/\/caminhodasaguas.org.br\/maya\/carta-publica-a-agua-e-o-saneamento-sao-servicos-essenciais-a-nacao\/"]}]},{"@type":"ImageObject","inLanguage":"pt-BR","@id":"https:\/\/caminhodasaguas.org.br\/maya\/carta-publica-a-agua-e-o-saneamento-sao-servicos-essenciais-a-nacao\/#primaryimage","url":"https:\/\/caminhodasaguas.org.br\/maya\/wp-content\/uploads\/sites\/4\/2020\/04\/aguas-essencial.jpg","contentUrl":"https:\/\/caminhodasaguas.org.br\/maya\/wp-content\/uploads\/sites\/4\/2020\/04\/aguas-essencial.jpg","width":800,"height":400},{"@type":"BreadcrumbList","@id":"https:\/\/caminhodasaguas.org.br\/maya\/carta-publica-a-agua-e-o-saneamento-sao-servicos-essenciais-a-nacao\/#breadcrumb","itemListElement":[{"@type":"ListItem","position":1,"name":"In\u00edcio","item":"https:\/\/caminhodasaguas.org.br\/maya\/"},{"@type":"ListItem","position":2,"name":"Carta P\u00fablica: a \u00c1gua e o Saneamento s\u00e3o Servi\u00e7os Essenciais \u00e0 Na\u00e7\u00e3o"}]},{"@type":"WebSite","@id":"https:\/\/caminhodasaguas.org.br\/maya\/#website","url":"https:\/\/caminhodasaguas.org.br\/maya\/","name":"Caminho das \u00c1guas 20 Anos","description":"Movimento S\u00f3cio-Ambiental Caminho das \u00c1guas","publisher":{"@id":"https:\/\/caminhodasaguas.org.br\/maya\/#organization"},"potentialAction":[{"@type":"SearchAction","target":{"@type":"EntryPoint","urlTemplate":"https:\/\/caminhodasaguas.org.br\/maya\/?s={search_term_string}"},"query-input":{"@type":"PropertyValueSpecification","valueRequired":true,"valueName":"search_term_string"}}],"inLanguage":"pt-BR"},{"@type":"Organization","@id":"https:\/\/caminhodasaguas.org.br\/maya\/#organization","name":"Caminho das \u00c1guas","url":"https:\/\/caminhodasaguas.org.br\/maya\/","logo":{"@type":"ImageObject","inLanguage":"pt-BR","@id":"https:\/\/caminhodasaguas.org.br\/maya\/#\/schema\/logo\/image\/","url":"https:\/\/caminhodasaguas.org.br\/wp-content\/uploads\/2020\/03\/logoch2o-hrz-grd.png","contentUrl":"https:\/\/caminhodasaguas.org.br\/wp-content\/uploads\/2020\/03\/logoch2o-hrz-grd.png","width":1024,"height":420,"caption":"Caminho das \u00c1guas"},"image":{"@id":"https:\/\/caminhodasaguas.org.br\/maya\/#\/schema\/logo\/image\/"},"sameAs":["https:\/\/facebook.com\/caminhodasaguas","https:\/\/x.com\/caminhodasaguas","https:\/\/instagram.com\/caminhoh2o","https:\/\/www.linkedin.com\/company\/ong-caminho-das-guas"]},{"@type":"Person","@id":"https:\/\/caminhodasaguas.org.br\/maya\/#\/schema\/person\/4c4f4143eceaa9dbbbe513c2e83ba768","name":"Netuno","image":{"@type":"ImageObject","inLanguage":"pt-BR","@id":"https:\/\/caminhodasaguas.org.br\/maya\/#\/schema\/person\/image\/","url":"https:\/\/secure.gravatar.com\/avatar\/1cf0626080881652ef4054ade0e09bec5cd63d7128e3e12b02f3713009d8e8df?s=96&d=mm&r=g","contentUrl":"https:\/\/secure.gravatar.com\/avatar\/1cf0626080881652ef4054ade0e09bec5cd63d7128e3e12b02f3713009d8e8df?s=96&d=mm&r=g","caption":"Netuno"}}]}},"_links":{"self":[{"href":"https:\/\/caminhodasaguas.org.br\/maya\/wp-json\/wp\/v2\/posts\/3295","targetHints":{"allow":["GET"]}}],"collection":[{"href":"https:\/\/caminhodasaguas.org.br\/maya\/wp-json\/wp\/v2\/posts"}],"about":[{"href":"https:\/\/caminhodasaguas.org.br\/maya\/wp-json\/wp\/v2\/types\/post"}],"author":[{"embeddable":true,"href":"https:\/\/caminhodasaguas.org.br\/maya\/wp-json\/wp\/v2\/users\/1"}],"replies":[{"embeddable":true,"href":"https:\/\/caminhodasaguas.org.br\/maya\/wp-json\/wp\/v2\/comments?post=3295"}],"version-history":[{"count":0,"href":"https:\/\/caminhodasaguas.org.br\/maya\/wp-json\/wp\/v2\/posts\/3295\/revisions"}],"wp:featuredmedia":[{"embeddable":true,"href":"https:\/\/caminhodasaguas.org.br\/maya\/wp-json\/wp\/v2\/media\/3296"}],"wp:attachment":[{"href":"https:\/\/caminhodasaguas.org.br\/maya\/wp-json\/wp\/v2\/media?parent=3295"}],"wp:term":[{"taxonomy":"category","embeddable":true,"href":"https:\/\/caminhodasaguas.org.br\/maya\/wp-json\/wp\/v2\/categories?post=3295"},{"taxonomy":"post_tag","embeddable":true,"href":"https:\/\/caminhodasaguas.org.br\/maya\/wp-json\/wp\/v2\/tags?post=3295"}],"curies":[{"name":"wp","href":"https:\/\/api.w.org\/{rel}","templated":true}]}}