{"id":1,"date":"2021-09-04T15:16:39","date_gmt":"2021-09-04T18:16:39","guid":{"rendered":"https:\/\/caminhodasaguas.org.br\/vida\/?p=1"},"modified":"2023-04-14T14:21:46","modified_gmt":"2023-04-14T17:21:46","slug":"conversas-sobre-seguranca-hidrica-e-territorios-biorregionais","status":"publish","type":"post","link":"https:\/\/caminhodasaguas.org.br\/vida\/conversas-sobre-seguranca-hidrica-e-territorios-biorregionais\/","title":{"rendered":"Motivos para conversas sobre seguran\u00e7a h\u00eddrica e territ\u00f3rios biorregionais"},"content":{"rendered":"<p>Sem d\u00favida alguma o impacto da polui\u00e7\u00e3o, dos desmatamentos e da aus\u00eancia de a\u00e7\u00f5es harm\u00f4nicas com a Natureza tem deixado pior, mais dif\u00edcil e cruel, o dia a dia de quase todos os seres do planeta.<\/p>\n<blockquote><p>Os avan\u00e7os dos \u00faltimos s\u00e9culos s\u00e3o incapazes de garantir nosso futuro, dado que nos presenteia com oportunidades de, ao menos, ampliar nossa capacidade de adapta\u00e7\u00e3o e \u2013 quem sabe \u2013 mitigar alguns dos danos causados \u00e0 M\u00e3e Natureza.<\/p><\/blockquote>\n<p>Em tempos de uma pandemia com impactos ainda desconhecidos, ansiamos por solu\u00e7\u00f5es simples. Mesmo que inalcan\u00e7\u00e1veis, talvez sejam poss\u00edveis se atuarmos em uma ordem mascarada de aleatoriedade, com solidariedade e democracia.<\/p>\n<p>Quem acompanha a <em>cena sustent\u00e1vel<\/em> e viu seus germinares sabe o tanto de <em>biruleibes<\/em> j\u00e1 criados, este talvez seja mais um, ningu\u00e9m sabe quais s\u00e3o os caminhos das \u00e1guas do futuro.<\/p>\n<p>As atuais, escassas em pureza, abundantes quando polu\u00eddas. \u00c9 bem simples enxergar isso em qualquer cidade do mundo.<\/p>\n<p>Assim, sabendo que existe \u00e1gua em voc\u00ea e muito mais em algum lugar perto de voc\u00ea, cocriaremos conversas sobre os motivos de uma paix\u00e3o pelas \u00e1guas<\/p>\n<p>Pode digitar o que quiser abaixo, a pergunta que te fazemos, se precisar de uma inspira\u00e7\u00e3o, \u00e9:<\/p>\n<h1>\u00c1gua, pra qu\u00ea te quero?<\/h1>\n\n<div class=\"wpcf7 no-js\" id=\"wpcf7-f22-o1\" lang=\"pt-BR\" dir=\"ltr\" data-wpcf7-id=\"22\">\n<div class=\"screen-reader-response\"><p role=\"status\" aria-live=\"polite\" aria-atomic=\"true\"><\/p> <ul><\/ul><\/div>\n<form action=\"\/vida\/wp-json\/wp\/v2\/posts\/1#wpcf7-f22-o1\" method=\"post\" class=\"wpcf7-form init\" aria-label=\"Formul\u00e1rios de contato\" novalidate=\"novalidate\" data-status=\"init\">\n<fieldset class=\"hidden-fields-container\"><input type=\"hidden\" name=\"_wpcf7\" value=\"22\" \/><input type=\"hidden\" name=\"_wpcf7_version\" value=\"6.1.5\" \/><input type=\"hidden\" name=\"_wpcf7_locale\" value=\"pt_BR\" \/><input type=\"hidden\" name=\"_wpcf7_unit_tag\" value=\"wpcf7-f22-o1\" \/><input type=\"hidden\" name=\"_wpcf7_container_post\" value=\"0\" \/><input type=\"hidden\" name=\"_wpcf7_posted_data_hash\" value=\"\" \/>\n<\/fieldset>\n<p><label> Seu nome<br \/>\n<span class=\"wpcf7-form-control-wrap\" data-name=\"your-name\"><input size=\"40\" maxlength=\"400\" class=\"wpcf7-form-control wpcf7-text wpcf7-validates-as-required\" aria-required=\"true\" aria-invalid=\"false\" value=\"\" type=\"text\" name=\"your-name\" \/><\/span> <\/label>\n<\/p>\n<p><label> Seu e-mail<br \/>\n<span class=\"wpcf7-form-control-wrap\" data-name=\"your-email\"><input size=\"40\" maxlength=\"400\" class=\"wpcf7-form-control wpcf7-email wpcf7-validates-as-required wpcf7-text wpcf7-validates-as-email\" aria-required=\"true\" aria-invalid=\"false\" value=\"\" type=\"email\" name=\"your-email\" \/><\/span> <\/label>\n<\/p>\n<p><label> Sua mensagem<br \/>\n<span class=\"wpcf7-form-control-wrap\" data-name=\"your-subject\"><input size=\"40\" maxlength=\"400\" class=\"wpcf7-form-control wpcf7-text wpcf7-validates-as-required\" aria-required=\"true\" aria-invalid=\"false\" value=\"\" type=\"text\" name=\"your-subject\" \/><\/span> <\/label>\n<\/p>\n<p><label> Pra qu\u00ea voc\u00ea quer \u00e1gua?<br \/>\n<span class=\"wpcf7-form-control-wrap\" data-name=\"your-message\"><textarea cols=\"40\" rows=\"10\" maxlength=\"2000\" class=\"wpcf7-form-control wpcf7-textarea\" aria-invalid=\"false\" name=\"your-message\"><\/textarea><\/span> <\/label>\n<\/p>\n<p><input class=\"wpcf7-form-control wpcf7-submit has-spinner\" type=\"submit\" value=\"Enviar\" \/>\n<\/p><div class=\"wpcf7-response-output\" aria-hidden=\"true\"><\/div>\n<\/form>\n<\/div>\n\n","protected":false},"excerpt":{"rendered":"<p>Sem d\u00favida alguma o impacto da polui\u00e7\u00e3o, dos desmatamentos e da aus\u00eancia de a\u00e7\u00f5es harm\u00f4nicas com a Natureza tem deixado pior, mais dif\u00edcil e cruel, o dia a dia de quase todos os seres do planeta. Os avan\u00e7os dos \u00faltimos s\u00e9culos s\u00e3o incapazes de garantir nosso futuro, dado que nos presenteia com oportunidades de, ao&#46;&#46;&#46;<\/p>\n","protected":false},"author":1,"featured_media":6,"comment_status":"closed","ping_status":"open","sticky":false,"template":"","format":"standard","meta":{"footnotes":""},"categories":[7],"tags":[2,4,3,5,6],"class_list":["post-1","post","type-post","status-publish","format-standard","has-post-thumbnail","hentry","category-conversas","tag-agua","tag-conversando-com-as-aguas","tag-pra-que-te-quero","tag-seguranca-hidrica","tag-territorios"],"yoast_head":"<!-- This site is optimized with the Yoast SEO plugin v27.0 - https:\/\/yoast.com\/product\/yoast-seo-wordpress\/ -->\n<title>Motivos para conversas sobre seguran\u00e7a h\u00eddrica e territ\u00f3rios biorregionais - Conversando com as \u00c1guas<\/title>\n<meta name=\"description\" content=\"Conversando com as \u00e1guas, eu amo morar neste planeta abundante porque nele nunca falta \u00e1gua\" \/>\n<meta name=\"robots\" content=\"index, follow, max-snippet:-1, max-image-preview:large, max-video-preview:-1\" \/>\n<link rel=\"canonical\" href=\"https:\/\/caminhodasaguas.org.br\/vida\/conversas-sobre-seguranca-hidrica-e-territorios-biorregionais\/\" \/>\n<meta property=\"og:locale\" content=\"pt_BR\" \/>\n<meta property=\"og:type\" content=\"article\" \/>\n<meta property=\"og:title\" content=\"Motivos para conversas sobre seguran\u00e7a h\u00eddrica e territ\u00f3rios biorregionais - Conversando com as \u00c1guas\" \/>\n<meta property=\"og:description\" content=\"Conversando com as \u00e1guas, eu amo morar neste planeta abundante porque nele nunca falta \u00e1gua\" \/>\n<meta property=\"og:url\" content=\"https:\/\/caminhodasaguas.org.br\/vida\/conversas-sobre-seguranca-hidrica-e-territorios-biorregionais\/\" \/>\n<meta property=\"og:site_name\" content=\"Conversando com as \u00c1guas\" \/>\n<meta property=\"article:publisher\" content=\"https:\/\/facebook.com\/caminhodasaguas\" \/>\n<meta property=\"article:published_time\" content=\"2021-09-04T18:16:39+00:00\" \/>\n<meta property=\"article:modified_time\" content=\"2023-04-14T17:21:46+00:00\" \/>\n<meta property=\"og:image\" content=\"https:\/\/caminhodasaguas.org.br\/vida\/wp-content\/uploads\/sites\/5\/2021\/09\/aguasml-conversas-sobre-seguranca-hidrica-e-territorios-biorregionais-agua-te-quiero-1152x648-1.png\" \/>\n\t<meta property=\"og:image:width\" content=\"1152\" \/>\n\t<meta property=\"og:image:height\" content=\"648\" \/>\n\t<meta property=\"og:image:type\" content=\"image\/png\" \/>\n<meta name=\"author\" content=\"Netuno\" \/>\n<meta name=\"twitter:card\" content=\"summary_large_image\" \/>\n<meta name=\"twitter:creator\" content=\"@caminhodasaguas\" \/>\n<meta name=\"twitter:site\" content=\"@caminhodasaguas\" \/>\n<meta name=\"twitter:label1\" content=\"Escrito por\" \/>\n\t<meta name=\"twitter:data1\" content=\"Netuno\" \/>\n\t<meta name=\"twitter:label2\" content=\"Est. tempo de leitura\" \/>\n\t<meta name=\"twitter:data2\" content=\"2 minutos\" \/>\n<script type=\"application\/ld+json\" class=\"yoast-schema-graph\">{\"@context\":\"https:\/\/schema.org\",\"@graph\":[{\"@type\":\"Article\",\"@id\":\"https:\/\/caminhodasaguas.org.br\/vida\/conversas-sobre-seguranca-hidrica-e-territorios-biorregionais\/#article\",\"isPartOf\":{\"@id\":\"https:\/\/caminhodasaguas.org.br\/vida\/conversas-sobre-seguranca-hidrica-e-territorios-biorregionais\/\"},\"author\":{\"name\":\"Netuno\",\"@id\":\"https:\/\/caminhodasaguas.org.br\/vida\/#\/schema\/person\/4c4f4143eceaa9dbbbe513c2e83ba768\"},\"headline\":\"Motivos para conversas sobre seguran\u00e7a h\u00eddrica e territ\u00f3rios biorregionais\",\"datePublished\":\"2021-09-04T18:16:39+00:00\",\"dateModified\":\"2023-04-14T17:21:46+00:00\",\"mainEntityOfPage\":{\"@id\":\"https:\/\/caminhodasaguas.org.br\/vida\/conversas-sobre-seguranca-hidrica-e-territorios-biorregionais\/\"},\"wordCount\":236,\"publisher\":{\"@id\":\"https:\/\/caminhodasaguas.org.br\/vida\/#organization\"},\"image\":{\"@id\":\"https:\/\/caminhodasaguas.org.br\/vida\/conversas-sobre-seguranca-hidrica-e-territorios-biorregionais\/#primaryimage\"},\"thumbnailUrl\":\"https:\/\/caminhodasaguas.org.br\/vida\/wp-content\/uploads\/sites\/5\/2021\/09\/aguasml-conversas-sobre-seguranca-hidrica-e-territorios-biorregionais-agua-te-quiero-1152x648-1.png\",\"keywords\":[\"\u00e1gua\",\"conversando com as \u00e1guas\",\"pra qu\u00ea te quero\",\"seguran\u00e7a h\u00eddrica\",\"territ\u00f3rios\"],\"articleSection\":[\"Conversas\"],\"inLanguage\":\"pt-BR\"},{\"@type\":\"WebPage\",\"@id\":\"https:\/\/caminhodasaguas.org.br\/vida\/conversas-sobre-seguranca-hidrica-e-territorios-biorregionais\/\",\"url\":\"https:\/\/caminhodasaguas.org.br\/vida\/conversas-sobre-seguranca-hidrica-e-territorios-biorregionais\/\",\"name\":\"Motivos para conversas sobre seguran\u00e7a h\u00eddrica e territ\u00f3rios biorregionais - Conversando com as \u00c1guas\",\"isPartOf\":{\"@id\":\"https:\/\/caminhodasaguas.org.br\/vida\/#website\"},\"primaryImageOfPage\":{\"@id\":\"https:\/\/caminhodasaguas.org.br\/vida\/conversas-sobre-seguranca-hidrica-e-territorios-biorregionais\/#primaryimage\"},\"image\":{\"@id\":\"https:\/\/caminhodasaguas.org.br\/vida\/conversas-sobre-seguranca-hidrica-e-territorios-biorregionais\/#primaryimage\"},\"thumbnailUrl\":\"https:\/\/caminhodasaguas.org.br\/vida\/wp-content\/uploads\/sites\/5\/2021\/09\/aguasml-conversas-sobre-seguranca-hidrica-e-territorios-biorregionais-agua-te-quiero-1152x648-1.png\",\"datePublished\":\"2021-09-04T18:16:39+00:00\",\"dateModified\":\"2023-04-14T17:21:46+00:00\",\"description\":\"Conversando com as \u00e1guas, eu amo morar neste planeta abundante porque nele nunca falta \u00e1gua\",\"breadcrumb\":{\"@id\":\"https:\/\/caminhodasaguas.org.br\/vida\/conversas-sobre-seguranca-hidrica-e-territorios-biorregionais\/#breadcrumb\"},\"inLanguage\":\"pt-BR\",\"potentialAction\":[{\"@type\":\"ReadAction\",\"target\":[\"https:\/\/caminhodasaguas.org.br\/vida\/conversas-sobre-seguranca-hidrica-e-territorios-biorregionais\/\"]}]},{\"@type\":\"ImageObject\",\"inLanguage\":\"pt-BR\",\"@id\":\"https:\/\/caminhodasaguas.org.br\/vida\/conversas-sobre-seguranca-hidrica-e-territorios-biorregionais\/#primaryimage\",\"url\":\"https:\/\/caminhodasaguas.org.br\/vida\/wp-content\/uploads\/sites\/5\/2021\/09\/aguasml-conversas-sobre-seguranca-hidrica-e-territorios-biorregionais-agua-te-quiero-1152x648-1.png\",\"contentUrl\":\"https:\/\/caminhodasaguas.org.br\/vida\/wp-content\/uploads\/sites\/5\/2021\/09\/aguasml-conversas-sobre-seguranca-hidrica-e-territorios-biorregionais-agua-te-quiero-1152x648-1.png\",\"width\":1152,\"height\":648},{\"@type\":\"BreadcrumbList\",\"@id\":\"https:\/\/caminhodasaguas.org.br\/vida\/conversas-sobre-seguranca-hidrica-e-territorios-biorregionais\/#breadcrumb\",\"itemListElement\":[{\"@type\":\"ListItem\",\"position\":1,\"name\":\"In\u00edcio\",\"item\":\"https:\/\/caminhodasaguas.org.br\/vida\/\"},{\"@type\":\"ListItem\",\"position\":2,\"name\":\"Motivos para conversas sobre seguran\u00e7a h\u00eddrica e territ\u00f3rios biorregionais\"}]},{\"@type\":\"WebSite\",\"@id\":\"https:\/\/caminhodasaguas.org.br\/vida\/#website\",\"url\":\"https:\/\/caminhodasaguas.org.br\/vida\/\",\"name\":\"Conversando com as \u00c1guas\",\"description\":\"Amamos morar neste planeta abundante porque nele nunca falta \u00e1gua\",\"publisher\":{\"@id\":\"https:\/\/caminhodasaguas.org.br\/vida\/#organization\"},\"potentialAction\":[{\"@type\":\"SearchAction\",\"target\":{\"@type\":\"EntryPoint\",\"urlTemplate\":\"https:\/\/caminhodasaguas.org.br\/vida\/?s={search_term_string}\"},\"query-input\":{\"@type\":\"PropertyValueSpecification\",\"valueRequired\":true,\"valueName\":\"search_term_string\"}}],\"inLanguage\":\"pt-BR\"},{\"@type\":\"Organization\",\"@id\":\"https:\/\/caminhodasaguas.org.br\/vida\/#organization\",\"name\":\"ONG Caminho das \u00c1guas\",\"url\":\"https:\/\/caminhodasaguas.org.br\/vida\/\",\"logo\":{\"@type\":\"ImageObject\",\"inLanguage\":\"pt-BR\",\"@id\":\"https:\/\/caminhodasaguas.org.br\/vida\/#\/schema\/logo\/image\/\",\"url\":\"https:\/\/caminhodasaguas.org.br\/vida\/wp-content\/uploads\/sites\/5\/2022\/09\/logo-ch2o_500px.png\",\"contentUrl\":\"https:\/\/caminhodasaguas.org.br\/vida\/wp-content\/uploads\/sites\/5\/2022\/09\/logo-ch2o_500px.png\",\"width\":500,\"height\":500,\"caption\":\"ONG Caminho das \u00c1guas\"},\"image\":{\"@id\":\"https:\/\/caminhodasaguas.org.br\/vida\/#\/schema\/logo\/image\/\"},\"sameAs\":[\"https:\/\/facebook.com\/caminhodasaguas\",\"https:\/\/x.com\/caminhodasaguas\",\"https:\/\/instagram.com\/caminhoh2o\",\"https:\/\/www.linkedin.com\/company\/ong-caminho-das-guas\"]},{\"@type\":\"Person\",\"@id\":\"https:\/\/caminhodasaguas.org.br\/vida\/#\/schema\/person\/4c4f4143eceaa9dbbbe513c2e83ba768\",\"name\":\"Netuno\",\"image\":{\"@type\":\"ImageObject\",\"inLanguage\":\"pt-BR\",\"@id\":\"https:\/\/caminhodasaguas.org.br\/vida\/#\/schema\/person\/image\/\",\"url\":\"https:\/\/secure.gravatar.com\/avatar\/1cf0626080881652ef4054ade0e09bec5cd63d7128e3e12b02f3713009d8e8df?s=96&d=mm&r=g\",\"contentUrl\":\"https:\/\/secure.gravatar.com\/avatar\/1cf0626080881652ef4054ade0e09bec5cd63d7128e3e12b02f3713009d8e8df?s=96&d=mm&r=g\",\"caption\":\"Netuno\"}}]}<\/script>\n<!-- \/ Yoast SEO plugin. -->","yoast_head_json":{"title":"Motivos para conversas sobre seguran\u00e7a h\u00eddrica e territ\u00f3rios biorregionais - Conversando com as \u00c1guas","description":"Conversando com as \u00e1guas, eu amo morar neste planeta abundante porque nele nunca falta \u00e1gua","robots":{"index":"index","follow":"follow","max-snippet":"max-snippet:-1","max-image-preview":"max-image-preview:large","max-video-preview":"max-video-preview:-1"},"canonical":"https:\/\/caminhodasaguas.org.br\/vida\/conversas-sobre-seguranca-hidrica-e-territorios-biorregionais\/","og_locale":"pt_BR","og_type":"article","og_title":"Motivos para conversas sobre seguran\u00e7a h\u00eddrica e territ\u00f3rios biorregionais - Conversando com as \u00c1guas","og_description":"Conversando com as \u00e1guas, eu amo morar neste planeta abundante porque nele nunca falta \u00e1gua","og_url":"https:\/\/caminhodasaguas.org.br\/vida\/conversas-sobre-seguranca-hidrica-e-territorios-biorregionais\/","og_site_name":"Conversando com as \u00c1guas","article_publisher":"https:\/\/facebook.com\/caminhodasaguas","article_published_time":"2021-09-04T18:16:39+00:00","article_modified_time":"2023-04-14T17:21:46+00:00","og_image":[{"width":1152,"height":648,"url":"https:\/\/caminhodasaguas.org.br\/vida\/wp-content\/uploads\/sites\/5\/2021\/09\/aguasml-conversas-sobre-seguranca-hidrica-e-territorios-biorregionais-agua-te-quiero-1152x648-1.png","type":"image\/png"}],"author":"Netuno","twitter_card":"summary_large_image","twitter_creator":"@caminhodasaguas","twitter_site":"@caminhodasaguas","twitter_misc":{"Escrito por":"Netuno","Est. tempo de leitura":"2 minutos"},"schema":{"@context":"https:\/\/schema.org","@graph":[{"@type":"Article","@id":"https:\/\/caminhodasaguas.org.br\/vida\/conversas-sobre-seguranca-hidrica-e-territorios-biorregionais\/#article","isPartOf":{"@id":"https:\/\/caminhodasaguas.org.br\/vida\/conversas-sobre-seguranca-hidrica-e-territorios-biorregionais\/"},"author":{"name":"Netuno","@id":"https:\/\/caminhodasaguas.org.br\/vida\/#\/schema\/person\/4c4f4143eceaa9dbbbe513c2e83ba768"},"headline":"Motivos para conversas sobre seguran\u00e7a h\u00eddrica e territ\u00f3rios biorregionais","datePublished":"2021-09-04T18:16:39+00:00","dateModified":"2023-04-14T17:21:46+00:00","mainEntityOfPage":{"@id":"https:\/\/caminhodasaguas.org.br\/vida\/conversas-sobre-seguranca-hidrica-e-territorios-biorregionais\/"},"wordCount":236,"publisher":{"@id":"https:\/\/caminhodasaguas.org.br\/vida\/#organization"},"image":{"@id":"https:\/\/caminhodasaguas.org.br\/vida\/conversas-sobre-seguranca-hidrica-e-territorios-biorregionais\/#primaryimage"},"thumbnailUrl":"https:\/\/caminhodasaguas.org.br\/vida\/wp-content\/uploads\/sites\/5\/2021\/09\/aguasml-conversas-sobre-seguranca-hidrica-e-territorios-biorregionais-agua-te-quiero-1152x648-1.png","keywords":["\u00e1gua","conversando com as \u00e1guas","pra qu\u00ea te quero","seguran\u00e7a h\u00eddrica","territ\u00f3rios"],"articleSection":["Conversas"],"inLanguage":"pt-BR"},{"@type":"WebPage","@id":"https:\/\/caminhodasaguas.org.br\/vida\/conversas-sobre-seguranca-hidrica-e-territorios-biorregionais\/","url":"https:\/\/caminhodasaguas.org.br\/vida\/conversas-sobre-seguranca-hidrica-e-territorios-biorregionais\/","name":"Motivos para conversas sobre seguran\u00e7a h\u00eddrica e territ\u00f3rios biorregionais - Conversando com as \u00c1guas","isPartOf":{"@id":"https:\/\/caminhodasaguas.org.br\/vida\/#website"},"primaryImageOfPage":{"@id":"https:\/\/caminhodasaguas.org.br\/vida\/conversas-sobre-seguranca-hidrica-e-territorios-biorregionais\/#primaryimage"},"image":{"@id":"https:\/\/caminhodasaguas.org.br\/vida\/conversas-sobre-seguranca-hidrica-e-territorios-biorregionais\/#primaryimage"},"thumbnailUrl":"https:\/\/caminhodasaguas.org.br\/vida\/wp-content\/uploads\/sites\/5\/2021\/09\/aguasml-conversas-sobre-seguranca-hidrica-e-territorios-biorregionais-agua-te-quiero-1152x648-1.png","datePublished":"2021-09-04T18:16:39+00:00","dateModified":"2023-04-14T17:21:46+00:00","description":"Conversando com as \u00e1guas, eu amo morar neste planeta abundante porque nele nunca falta \u00e1gua","breadcrumb":{"@id":"https:\/\/caminhodasaguas.org.br\/vida\/conversas-sobre-seguranca-hidrica-e-territorios-biorregionais\/#breadcrumb"},"inLanguage":"pt-BR","potentialAction":[{"@type":"ReadAction","target":["https:\/\/caminhodasaguas.org.br\/vida\/conversas-sobre-seguranca-hidrica-e-territorios-biorregionais\/"]}]},{"@type":"ImageObject","inLanguage":"pt-BR","@id":"https:\/\/caminhodasaguas.org.br\/vida\/conversas-sobre-seguranca-hidrica-e-territorios-biorregionais\/#primaryimage","url":"https:\/\/caminhodasaguas.org.br\/vida\/wp-content\/uploads\/sites\/5\/2021\/09\/aguasml-conversas-sobre-seguranca-hidrica-e-territorios-biorregionais-agua-te-quiero-1152x648-1.png","contentUrl":"https:\/\/caminhodasaguas.org.br\/vida\/wp-content\/uploads\/sites\/5\/2021\/09\/aguasml-conversas-sobre-seguranca-hidrica-e-territorios-biorregionais-agua-te-quiero-1152x648-1.png","width":1152,"height":648},{"@type":"BreadcrumbList","@id":"https:\/\/caminhodasaguas.org.br\/vida\/conversas-sobre-seguranca-hidrica-e-territorios-biorregionais\/#breadcrumb","itemListElement":[{"@type":"ListItem","position":1,"name":"In\u00edcio","item":"https:\/\/caminhodasaguas.org.br\/vida\/"},{"@type":"ListItem","position":2,"name":"Motivos para conversas sobre seguran\u00e7a h\u00eddrica e territ\u00f3rios biorregionais"}]},{"@type":"WebSite","@id":"https:\/\/caminhodasaguas.org.br\/vida\/#website","url":"https:\/\/caminhodasaguas.org.br\/vida\/","name":"Conversando com as \u00c1guas","description":"Amamos morar neste planeta abundante porque nele nunca falta \u00e1gua","publisher":{"@id":"https:\/\/caminhodasaguas.org.br\/vida\/#organization"},"potentialAction":[{"@type":"SearchAction","target":{"@type":"EntryPoint","urlTemplate":"https:\/\/caminhodasaguas.org.br\/vida\/?s={search_term_string}"},"query-input":{"@type":"PropertyValueSpecification","valueRequired":true,"valueName":"search_term_string"}}],"inLanguage":"pt-BR"},{"@type":"Organization","@id":"https:\/\/caminhodasaguas.org.br\/vida\/#organization","name":"ONG Caminho das \u00c1guas","url":"https:\/\/caminhodasaguas.org.br\/vida\/","logo":{"@type":"ImageObject","inLanguage":"pt-BR","@id":"https:\/\/caminhodasaguas.org.br\/vida\/#\/schema\/logo\/image\/","url":"https:\/\/caminhodasaguas.org.br\/vida\/wp-content\/uploads\/sites\/5\/2022\/09\/logo-ch2o_500px.png","contentUrl":"https:\/\/caminhodasaguas.org.br\/vida\/wp-content\/uploads\/sites\/5\/2022\/09\/logo-ch2o_500px.png","width":500,"height":500,"caption":"ONG Caminho das \u00c1guas"},"image":{"@id":"https:\/\/caminhodasaguas.org.br\/vida\/#\/schema\/logo\/image\/"},"sameAs":["https:\/\/facebook.com\/caminhodasaguas","https:\/\/x.com\/caminhodasaguas","https:\/\/instagram.com\/caminhoh2o","https:\/\/www.linkedin.com\/company\/ong-caminho-das-guas"]},{"@type":"Person","@id":"https:\/\/caminhodasaguas.org.br\/vida\/#\/schema\/person\/4c4f4143eceaa9dbbbe513c2e83ba768","name":"Netuno","image":{"@type":"ImageObject","inLanguage":"pt-BR","@id":"https:\/\/caminhodasaguas.org.br\/vida\/#\/schema\/person\/image\/","url":"https:\/\/secure.gravatar.com\/avatar\/1cf0626080881652ef4054ade0e09bec5cd63d7128e3e12b02f3713009d8e8df?s=96&d=mm&r=g","contentUrl":"https:\/\/secure.gravatar.com\/avatar\/1cf0626080881652ef4054ade0e09bec5cd63d7128e3e12b02f3713009d8e8df?s=96&d=mm&r=g","caption":"Netuno"}}]}},"_links":{"self":[{"href":"https:\/\/caminhodasaguas.org.br\/vida\/wp-json\/wp\/v2\/posts\/1","targetHints":{"allow":["GET"]}}],"collection":[{"href":"https:\/\/caminhodasaguas.org.br\/vida\/wp-json\/wp\/v2\/posts"}],"about":[{"href":"https:\/\/caminhodasaguas.org.br\/vida\/wp-json\/wp\/v2\/types\/post"}],"author":[{"embeddable":true,"href":"https:\/\/caminhodasaguas.org.br\/vida\/wp-json\/wp\/v2\/users\/1"}],"replies":[{"embeddable":true,"href":"https:\/\/caminhodasaguas.org.br\/vida\/wp-json\/wp\/v2\/comments?post=1"}],"version-history":[{"count":8,"href":"https:\/\/caminhodasaguas.org.br\/vida\/wp-json\/wp\/v2\/posts\/1\/revisions"}],"predecessor-version":[{"id":223,"href":"https:\/\/caminhodasaguas.org.br\/vida\/wp-json\/wp\/v2\/posts\/1\/revisions\/223"}],"wp:featuredmedia":[{"embeddable":true,"href":"https:\/\/caminhodasaguas.org.br\/vida\/wp-json\/wp\/v2\/media\/6"}],"wp:attachment":[{"href":"https:\/\/caminhodasaguas.org.br\/vida\/wp-json\/wp\/v2\/media?parent=1"}],"wp:term":[{"taxonomy":"category","embeddable":true,"href":"https:\/\/caminhodasaguas.org.br\/vida\/wp-json\/wp\/v2\/categories?post=1"},{"taxonomy":"post_tag","embeddable":true,"href":"https:\/\/caminhodasaguas.org.br\/vida\/wp-json\/wp\/v2\/tags?post=1"}],"curies":[{"name":"wp","href":"https:\/\/api.w.org\/{rel}","templated":true}]}}