{"id":11,"date":"2021-09-16T19:10:08","date_gmt":"2021-09-16T22:10:08","guid":{"rendered":"https:\/\/caminhodasaguas.org.br\/vida\/?p=11"},"modified":"2023-04-14T14:39:49","modified_gmt":"2023-04-14T17:39:49","slug":"primeiro-encontro-agua-pra-que-te-quero","status":"publish","type":"post","link":"https:\/\/caminhodasaguas.org.br\/vida\/primeiro-encontro-agua-pra-que-te-quero\/","title":{"rendered":"Direitos Humanos e Direitos da Natureza &#8211; \u00c1GUA, PRA QU\u00ca TE QUERO? #001"},"content":{"rendered":"\t\t<div data-elementor-type=\"wp-post\" data-elementor-id=\"11\" class=\"elementor elementor-11\">\n\t\t\t\t\t\t<section class=\"elementor-section elementor-top-section elementor-element elementor-element-4ab6ee64 elementor-section-boxed elementor-section-height-default elementor-section-height-default\" data-id=\"4ab6ee64\" data-element_type=\"section\" data-e-type=\"section\">\n\t\t\t\t\t\t<div class=\"elementor-container elementor-column-gap-default\">\n\t\t\t\t\t<div class=\"elementor-column elementor-col-100 elementor-top-column elementor-element elementor-element-a919435\" data-id=\"a919435\" data-element_type=\"column\" data-e-type=\"column\">\n\t\t\t<div class=\"elementor-widget-wrap elementor-element-populated\">\n\t\t\t\t\t\t<div class=\"elementor-element elementor-element-89dd7aa elementor-widget elementor-widget-video\" data-id=\"89dd7aa\" data-element_type=\"widget\" data-e-type=\"widget\" data-settings=\"{&quot;youtube_url&quot;:&quot;https:\\\/\\\/www.youtube.com\\\/watch?v=A8zKUToWZCo&quot;,&quot;video_type&quot;:&quot;youtube&quot;,&quot;controls&quot;:&quot;yes&quot;}\" data-widget_type=\"video.default\">\n\t\t\t\t<div class=\"elementor-widget-container\">\n\t\t\t\t\t\t\t<div class=\"elementor-wrapper elementor-open-inline\">\n\t\t\t<div class=\"elementor-video\"><\/div>\t\t<\/div>\n\t\t\t\t\t\t<\/div>\n\t\t\t\t<\/div>\n\t\t\t\t<div class=\"elementor-element elementor-element-e6e4789 elementor-widget elementor-widget-heading\" data-id=\"e6e4789\" data-element_type=\"widget\" data-e-type=\"widget\" data-widget_type=\"heading.default\">\n\t\t\t\t<div class=\"elementor-widget-container\">\n\t\t\t\t\t<h2 class=\"elementor-heading-title elementor-size-default\">Eu amo morar neste planeta abundante porque nele nunca falta \u00e1gua<\/h2>\t\t\t\t<\/div>\n\t\t\t\t<\/div>\n\t\t\t\t<div class=\"elementor-element elementor-element-61f28c76 elementor-widget elementor-widget-text-editor\" data-id=\"61f28c76\" data-element_type=\"widget\" data-e-type=\"widget\" data-widget_type=\"text-editor.default\">\n\t\t\t\t<div class=\"elementor-widget-container\">\n\t\t\t\t\t\t\t\t\t<p>Neste encontro, ancorado pelo Movimento S\u00f3cio-Ambiental Caminho das \u00c1guas, reinauguramos os di\u00e1logos com as \u00e1guas em nossos territ\u00f3rios.<\/p><p>O primeiro encontro dar\u00e1 in\u00edcio a uma s\u00e9rie de iniciativas em busca de conex\u00f5es entre os Direitos Humanos e os Direitos da Natureza, abrigadas no tema: &#8220;\u00c1gua, pra qu\u00ea te quero?&#8221;.<\/p><p>Com Eldis Camargo (GWA &#8211; Gender and Water Aliance), D\u00e9bora Alcaraz (Caminho das \u00c1guas), Cledir Mendes (ONG Pr\u00f3 Azul) e Let\u00edcia Maria Pereira (Coletivo Japy). Media\u00e7\u00e3o: Carlos Diego (Caminho das \u00c1guas).<\/p>\t\t\t\t\t\t\t\t<\/div>\n\t\t\t\t<\/div>\n\t\t\t\t\t<\/div>\n\t\t<\/div>\n\t\t\t\t\t<\/div>\n\t\t<\/section>\n\t\t\t\t<section class=\"elementor-section elementor-top-section elementor-element elementor-element-da2bdc4 elementor-section-boxed elementor-section-height-default elementor-section-height-default\" data-id=\"da2bdc4\" data-element_type=\"section\" data-e-type=\"section\">\n\t\t\t\t\t\t<div class=\"elementor-container elementor-column-gap-default\">\n\t\t\t\t\t<div class=\"elementor-column elementor-col-100 elementor-top-column elementor-element elementor-element-3f61c22\" data-id=\"3f61c22\" data-element_type=\"column\" data-e-type=\"column\">\n\t\t\t<div class=\"elementor-widget-wrap elementor-element-populated\">\n\t\t\t\t\t\t<section class=\"elementor-section elementor-inner-section elementor-element elementor-element-4255a2a elementor-section-boxed elementor-section-height-default elementor-section-height-default\" data-id=\"4255a2a\" data-element_type=\"section\" data-e-type=\"section\">\n\t\t\t\t\t\t<div class=\"elementor-container elementor-column-gap-default\">\n\t\t\t\t\t<div class=\"elementor-column elementor-col-50 elementor-inner-column elementor-element elementor-element-d3cb530\" data-id=\"d3cb530\" data-element_type=\"column\" data-e-type=\"column\">\n\t\t\t<div class=\"elementor-widget-wrap elementor-element-populated\">\n\t\t\t\t\t\t<div class=\"elementor-element elementor-element-24e49b6 elementor-tabs-view-horizontal elementor-widget elementor-widget-tabs\" data-id=\"24e49b6\" data-element_type=\"widget\" data-e-type=\"widget\" data-widget_type=\"tabs.default\">\n\t\t\t\t<div class=\"elementor-widget-container\">\n\t\t\t\t\t\t\t<div class=\"elementor-tabs\">\n\t\t\t<div class=\"elementor-tabs-wrapper\" role=\"tablist\" >\n\t\t\t\t\t\t\t\t\t<div id=\"elementor-tab-title-3861\" class=\"elementor-tab-title elementor-tab-desktop-title\" aria-selected=\"true\" data-tab=\"1\" role=\"tab\" tabindex=\"0\" aria-controls=\"elementor-tab-content-3861\" aria-expanded=\"false\">\ud83d\udca6 Quando foi?<\/div>\n\t\t\t\t\t\t\t\t\t<div id=\"elementor-tab-title-3862\" class=\"elementor-tab-title elementor-tab-desktop-title\" aria-selected=\"false\" data-tab=\"2\" role=\"tab\" tabindex=\"-1\" aria-controls=\"elementor-tab-content-3862\" aria-expanded=\"false\">\ud83d\udca6 Onde?<\/div>\n\t\t\t\t\t\t\t<\/div>\n\t\t\t<div class=\"elementor-tabs-content-wrapper\" role=\"tablist\" aria-orientation=\"vertical\">\n\t\t\t\t\t\t\t\t\t<div class=\"elementor-tab-title elementor-tab-mobile-title\" aria-selected=\"true\" data-tab=\"1\" role=\"tab\" tabindex=\"0\" aria-controls=\"elementor-tab-content-3861\" aria-expanded=\"false\">\ud83d\udca6 Quando foi?<\/div>\n\t\t\t\t\t<div id=\"elementor-tab-content-3861\" class=\"elementor-tab-content elementor-clearfix\" data-tab=\"1\" role=\"tabpanel\" aria-labelledby=\"elementor-tab-title-3861\" tabindex=\"0\" hidden=\"false\"><p>21\/09\/2021, \u00e0s 19:30<\/p><\/div>\n\t\t\t\t\t\t\t\t\t<div class=\"elementor-tab-title elementor-tab-mobile-title\" aria-selected=\"false\" data-tab=\"2\" role=\"tab\" tabindex=\"-1\" aria-controls=\"elementor-tab-content-3862\" aria-expanded=\"false\">\ud83d\udca6 Onde?<\/div>\n\t\t\t\t\t<div id=\"elementor-tab-content-3862\" class=\"elementor-tab-content elementor-clearfix\" data-tab=\"2\" role=\"tabpanel\" aria-labelledby=\"elementor-tab-title-3862\" tabindex=\"0\" hidden=\"hidden\"><p>No Facebook, Youtube e outras m\u00eddias. Para garantir atualizaremos sempre o <a href=\"https:\/\/vai.aguas.cc\/youtube\" target=\"_blank\" rel=\"noopener\">https:\/\/vai.aguas.cc\/youtube<\/a><\/p><p><a href=\"https:\/\/vai.aguas.cc\/youtube\" target=\"_blank\" rel=\"noopener\">Deixe o like!<\/a><br \/><a href=\"https:\/\/vai.aguas.cc\/youtube\" target=\"_blank\" rel=\"noopener\">Se inscreva!<br \/>Ative o sino!<\/a><\/p><p>Saiba mais: <a href=\"https:\/\/vai.aguas.cc\/vida\" target=\"_blank\" rel=\"noopener\">https:\/\/vai.aguas.cc\/vida<\/a><br \/>E mais: <a href=\"https:\/\/agenda.aguas.bio.br\" target=\"_blank\" rel=\"noopener\">https:\/\/agenda.aguas.bio.br<\/a><\/p><p>Redes sociais:<br \/>Instagram: <a href=\"https:\/\/instagram.com\/ongcaminhodasaguas\" target=\"_blank\" rel=\"noopener\">@ongcaminhodasaguas<\/a><br \/>Twitter: <a href=\"https:\/\/twitter.com\/caminhodasaguas\" target=\"_blank\" rel=\"noopener\">@caminhodasaguas<\/a><\/p><\/div>\n\t\t\t\t\t\t\t<\/div>\n\t\t<\/div>\n\t\t\t\t\t\t<\/div>\n\t\t\t\t<\/div>\n\t\t\t\t\t<\/div>\n\t\t<\/div>\n\t\t\t\t<div class=\"elementor-column elementor-col-50 elementor-inner-column elementor-element elementor-element-80faa29\" data-id=\"80faa29\" data-element_type=\"column\" data-e-type=\"column\">\n\t\t\t<div class=\"elementor-widget-wrap elementor-element-populated\">\n\t\t\t\t\t\t<div class=\"elementor-element elementor-element-c84f15a elementor-widget elementor-widget-text-editor\" data-id=\"c84f15a\" data-element_type=\"widget\" data-e-type=\"widget\" data-widget_type=\"text-editor.default\">\n\t\t\t\t<div class=\"elementor-widget-container\">\n\t\t\t\t\t\t\t\t\t<h3 style=\"text-align: right;\">\ud83d\udca6 Realiza\u00e7\u00e3o<\/h3><p style=\"text-align: right;\">Movimento S\u00f3cio-Ambiental Caminho das \u00c1guas<br \/>ONG Pr\u00f3 Azul Ambiental<br \/>Gender and Water Aliance GWA<br \/>Coletivo Japy<br \/>Porto Rural<br \/>Agenda das \u00c1guas<\/p>\t\t\t\t\t\t\t\t<\/div>\n\t\t\t\t<\/div>\n\t\t\t\t\t<\/div>\n\t\t<\/div>\n\t\t\t\t\t<\/div>\n\t\t<\/section>\n\t\t\t\t\t<\/div>\n\t\t<\/div>\n\t\t\t\t\t<\/div>\n\t\t<\/section>\n\t\t\t\t<section class=\"elementor-section elementor-top-section elementor-element elementor-element-c0cf654 elementor-section-boxed elementor-section-height-default elementor-section-height-default\" data-id=\"c0cf654\" data-element_type=\"section\" data-e-type=\"section\">\n\t\t\t\t\t\t<div class=\"elementor-container elementor-column-gap-default\">\n\t\t\t\t\t<div class=\"elementor-column elementor-col-100 elementor-top-column elementor-element elementor-element-8f2290a\" data-id=\"8f2290a\" data-element_type=\"column\" data-e-type=\"column\">\n\t\t\t<div class=\"elementor-widget-wrap elementor-element-populated\">\n\t\t\t\t\t\t<div class=\"elementor-element elementor-element-2d284e4 elementor-widget elementor-widget-image\" data-id=\"2d284e4\" data-element_type=\"widget\" data-e-type=\"widget\" data-widget_type=\"image.default\">\n\t\t\t\t<div class=\"elementor-widget-container\">\n\t\t\t\t\t\t\t\t\t\t\t\t\t\t\t\t<a href=\"https:\/\/caminhodasaguas.org.br\/vida\/wp-content\/uploads\/sites\/5\/2021\/09\/banner_conversando_aguas.png\" data-elementor-open-lightbox=\"yes\" data-elementor-lightbox-title=\"banner_conversando_aguas\" data-e-action-hash=\"#elementor-action%3Aaction%3Dlightbox%26settings%3DeyJpZCI6NzIsInVybCI6Imh0dHBzOlwvXC9jYW1pbmhvZGFzYWd1YXMub3JnLmJyXC92aWRhXC93cC1jb250ZW50XC91cGxvYWRzXC9zaXRlc1wvNVwvMjAyMVwvMDlcL2Jhbm5lcl9jb252ZXJzYW5kb19hZ3Vhcy5wbmcifQ%3D%3D\">\n\t\t\t\t\t\t\t<img fetchpriority=\"high\" decoding=\"async\" width=\"1024\" height=\"576\" src=\"https:\/\/caminhodasaguas.org.br\/vida\/wp-content\/uploads\/sites\/5\/2021\/09\/banner_conversando_aguas-1024x576.png\" class=\"attachment-large size-large wp-image-72\" alt=\"\" srcset=\"https:\/\/caminhodasaguas.org.br\/vida\/wp-content\/uploads\/sites\/5\/2021\/09\/banner_conversando_aguas-1024x576.png 1024w, https:\/\/caminhodasaguas.org.br\/vida\/wp-content\/uploads\/sites\/5\/2021\/09\/banner_conversando_aguas-300x169.png 300w, https:\/\/caminhodasaguas.org.br\/vida\/wp-content\/uploads\/sites\/5\/2021\/09\/banner_conversando_aguas-768x432.png 768w, https:\/\/caminhodasaguas.org.br\/vida\/wp-content\/uploads\/sites\/5\/2021\/09\/banner_conversando_aguas-1536x864.png 1536w, https:\/\/caminhodasaguas.org.br\/vida\/wp-content\/uploads\/sites\/5\/2021\/09\/banner_conversando_aguas-2048x1152.png 2048w\" sizes=\"(max-width: 1024px) 100vw, 1024px\" \/>\t\t\t\t\t\t\t\t<\/a>\n\t\t\t\t\t\t\t\t\t\t\t\t\t\t\t<\/div>\n\t\t\t\t<\/div>\n\t\t\t\t\t<\/div>\n\t\t<\/div>\n\t\t\t\t\t<\/div>\n\t\t<\/section>\n\t\t\t\t<\/div>\n\t\t","protected":false},"excerpt":{"rendered":"<p>Eu amo morar neste planeta abundante porque nele nunca falta \u00e1gua Neste encontro, ancorado pelo Movimento S\u00f3cio-Ambiental Caminho das \u00c1guas, reinauguramos os di\u00e1logos com as \u00e1guas em nossos territ\u00f3rios. O primeiro encontro dar\u00e1 in\u00edcio a uma s\u00e9rie de iniciativas em busca de conex\u00f5es entre os Direitos Humanos e os Direitos da Natureza, abrigadas no tema:&#46;&#46;&#46;<\/p>\n","protected":false},"author":1,"featured_media":101,"comment_status":"closed","ping_status":"open","sticky":false,"template":"","format":"standard","meta":{"footnotes":""},"categories":[7],"tags":[46,42,41,48,43,45,44,47],"class_list":["post-11","post","type-post","status-publish","format-standard","has-post-thumbnail","hentry","category-conversas","tag-aguas","tag-direitos-da-natureza","tag-direitos-humanos","tag-florestas","tag-planos-de-bacia-hidrografica","tag-preservacao","tag-recuperacao-ambiental","tag-recursos-hidricos"],"yoast_head":"<!-- This site is optimized with the Yoast SEO plugin v27.0 - https:\/\/yoast.com\/product\/yoast-seo-wordpress\/ -->\n<title>Direitos Humanos e Direitos da Natureza - \u00c1GUA, PRA QU\u00ca TE QUERO? #001 - Conversando com as \u00c1guas<\/title>\n<meta name=\"description\" content=\"Conversando com as \u00e1guas, porque eu amo morar neste planeta abundante porque nele nunca falta \u00e1gua\" \/>\n<meta name=\"robots\" content=\"index, follow, max-snippet:-1, max-image-preview:large, max-video-preview:-1\" \/>\n<link rel=\"canonical\" href=\"https:\/\/caminhodasaguas.org.br\/vida\/primeiro-encontro-agua-pra-que-te-quero\/\" \/>\n<meta property=\"og:locale\" content=\"pt_BR\" \/>\n<meta property=\"og:type\" content=\"article\" \/>\n<meta property=\"og:title\" content=\"Direitos Humanos e Direitos da Natureza - \u00c1GUA, PRA QU\u00ca TE QUERO? #001 - Conversando com as \u00c1guas\" \/>\n<meta property=\"og:description\" content=\"Conversando com as \u00e1guas, porque eu amo morar neste planeta abundante porque nele nunca falta \u00e1gua\" \/>\n<meta property=\"og:url\" content=\"https:\/\/caminhodasaguas.org.br\/vida\/primeiro-encontro-agua-pra-que-te-quero\/\" \/>\n<meta property=\"og:site_name\" content=\"Conversando com as \u00c1guas\" \/>\n<meta property=\"article:publisher\" content=\"https:\/\/facebook.com\/caminhodasaguas\" \/>\n<meta property=\"article:published_time\" content=\"2021-09-16T22:10:08+00:00\" \/>\n<meta property=\"article:modified_time\" content=\"2023-04-14T17:39:49+00:00\" \/>\n<meta property=\"og:image\" content=\"https:\/\/caminhodasaguas.org.br\/vida\/wp-content\/uploads\/sites\/5\/2021\/09\/conversando_012021-1.png\" \/>\n\t<meta property=\"og:image:width\" content=\"940\" \/>\n\t<meta property=\"og:image:height\" content=\"788\" \/>\n\t<meta property=\"og:image:type\" content=\"image\/png\" \/>\n<meta name=\"author\" content=\"Netuno\" \/>\n<meta name=\"twitter:card\" content=\"summary_large_image\" \/>\n<meta name=\"twitter:creator\" content=\"@caminhodasaguas\" \/>\n<meta name=\"twitter:site\" content=\"@caminhodasaguas\" \/>\n<meta name=\"twitter:label1\" content=\"Escrito por\" \/>\n\t<meta name=\"twitter:data1\" content=\"Netuno\" \/>\n\t<meta name=\"twitter:label2\" content=\"Est. tempo de leitura\" \/>\n\t<meta name=\"twitter:data2\" content=\"2 minutos\" \/>\n<script type=\"application\/ld+json\" class=\"yoast-schema-graph\">{\"@context\":\"https:\/\/schema.org\",\"@graph\":[{\"@type\":\"Article\",\"@id\":\"https:\/\/caminhodasaguas.org.br\/vida\/primeiro-encontro-agua-pra-que-te-quero\/#article\",\"isPartOf\":{\"@id\":\"https:\/\/caminhodasaguas.org.br\/vida\/primeiro-encontro-agua-pra-que-te-quero\/\"},\"author\":{\"name\":\"Netuno\",\"@id\":\"https:\/\/caminhodasaguas.org.br\/vida\/#\/schema\/person\/4c4f4143eceaa9dbbbe513c2e83ba768\"},\"headline\":\"Direitos Humanos e Direitos da Natureza &#8211; \u00c1GUA, PRA QU\u00ca TE QUERO? #001\",\"datePublished\":\"2021-09-16T22:10:08+00:00\",\"dateModified\":\"2023-04-14T17:39:49+00:00\",\"mainEntityOfPage\":{\"@id\":\"https:\/\/caminhodasaguas.org.br\/vida\/primeiro-encontro-agua-pra-que-te-quero\/\"},\"wordCount\":191,\"publisher\":{\"@id\":\"https:\/\/caminhodasaguas.org.br\/vida\/#organization\"},\"image\":{\"@id\":\"https:\/\/caminhodasaguas.org.br\/vida\/primeiro-encontro-agua-pra-que-te-quero\/#primaryimage\"},\"thumbnailUrl\":\"https:\/\/caminhodasaguas.org.br\/vida\/wp-content\/uploads\/sites\/5\/2021\/09\/conversando_012021-1.png\",\"keywords\":[\"\u00e1guas\",\"Direitos da Natureza\",\"Direitos Humanos\",\"florestas\",\"Planos de Bacia Hidrogr\u00e1fica\",\"preserva\u00e7\u00e3o\",\"recupera\u00e7\u00e3o ambiental\",\"recursos h\u00eddricos\"],\"articleSection\":[\"Conversas\"],\"inLanguage\":\"pt-BR\"},{\"@type\":\"WebPage\",\"@id\":\"https:\/\/caminhodasaguas.org.br\/vida\/primeiro-encontro-agua-pra-que-te-quero\/\",\"url\":\"https:\/\/caminhodasaguas.org.br\/vida\/primeiro-encontro-agua-pra-que-te-quero\/\",\"name\":\"Direitos Humanos e Direitos da Natureza - \u00c1GUA, PRA QU\u00ca TE QUERO? #001 - Conversando com as \u00c1guas\",\"isPartOf\":{\"@id\":\"https:\/\/caminhodasaguas.org.br\/vida\/#website\"},\"primaryImageOfPage\":{\"@id\":\"https:\/\/caminhodasaguas.org.br\/vida\/primeiro-encontro-agua-pra-que-te-quero\/#primaryimage\"},\"image\":{\"@id\":\"https:\/\/caminhodasaguas.org.br\/vida\/primeiro-encontro-agua-pra-que-te-quero\/#primaryimage\"},\"thumbnailUrl\":\"https:\/\/caminhodasaguas.org.br\/vida\/wp-content\/uploads\/sites\/5\/2021\/09\/conversando_012021-1.png\",\"datePublished\":\"2021-09-16T22:10:08+00:00\",\"dateModified\":\"2023-04-14T17:39:49+00:00\",\"description\":\"Conversando com as \u00e1guas, porque eu amo morar neste planeta abundante porque nele nunca falta \u00e1gua\",\"breadcrumb\":{\"@id\":\"https:\/\/caminhodasaguas.org.br\/vida\/primeiro-encontro-agua-pra-que-te-quero\/#breadcrumb\"},\"inLanguage\":\"pt-BR\",\"potentialAction\":[{\"@type\":\"ReadAction\",\"target\":[\"https:\/\/caminhodasaguas.org.br\/vida\/primeiro-encontro-agua-pra-que-te-quero\/\"]}]},{\"@type\":\"ImageObject\",\"inLanguage\":\"pt-BR\",\"@id\":\"https:\/\/caminhodasaguas.org.br\/vida\/primeiro-encontro-agua-pra-que-te-quero\/#primaryimage\",\"url\":\"https:\/\/caminhodasaguas.org.br\/vida\/wp-content\/uploads\/sites\/5\/2021\/09\/conversando_012021-1.png\",\"contentUrl\":\"https:\/\/caminhodasaguas.org.br\/vida\/wp-content\/uploads\/sites\/5\/2021\/09\/conversando_012021-1.png\",\"width\":940,\"height\":788},{\"@type\":\"BreadcrumbList\",\"@id\":\"https:\/\/caminhodasaguas.org.br\/vida\/primeiro-encontro-agua-pra-que-te-quero\/#breadcrumb\",\"itemListElement\":[{\"@type\":\"ListItem\",\"position\":1,\"name\":\"In\u00edcio\",\"item\":\"https:\/\/caminhodasaguas.org.br\/vida\/\"},{\"@type\":\"ListItem\",\"position\":2,\"name\":\"Direitos Humanos e Direitos da Natureza &#8211; \u00c1GUA, PRA QU\u00ca TE QUERO? #001\"}]},{\"@type\":\"WebSite\",\"@id\":\"https:\/\/caminhodasaguas.org.br\/vida\/#website\",\"url\":\"https:\/\/caminhodasaguas.org.br\/vida\/\",\"name\":\"Conversando com as \u00c1guas\",\"description\":\"Amamos morar neste planeta abundante porque nele nunca falta \u00e1gua\",\"publisher\":{\"@id\":\"https:\/\/caminhodasaguas.org.br\/vida\/#organization\"},\"potentialAction\":[{\"@type\":\"SearchAction\",\"target\":{\"@type\":\"EntryPoint\",\"urlTemplate\":\"https:\/\/caminhodasaguas.org.br\/vida\/?s={search_term_string}\"},\"query-input\":{\"@type\":\"PropertyValueSpecification\",\"valueRequired\":true,\"valueName\":\"search_term_string\"}}],\"inLanguage\":\"pt-BR\"},{\"@type\":\"Organization\",\"@id\":\"https:\/\/caminhodasaguas.org.br\/vida\/#organization\",\"name\":\"ONG Caminho das \u00c1guas\",\"url\":\"https:\/\/caminhodasaguas.org.br\/vida\/\",\"logo\":{\"@type\":\"ImageObject\",\"inLanguage\":\"pt-BR\",\"@id\":\"https:\/\/caminhodasaguas.org.br\/vida\/#\/schema\/logo\/image\/\",\"url\":\"https:\/\/caminhodasaguas.org.br\/vida\/wp-content\/uploads\/sites\/5\/2022\/09\/logo-ch2o_500px.png\",\"contentUrl\":\"https:\/\/caminhodasaguas.org.br\/vida\/wp-content\/uploads\/sites\/5\/2022\/09\/logo-ch2o_500px.png\",\"width\":500,\"height\":500,\"caption\":\"ONG Caminho das \u00c1guas\"},\"image\":{\"@id\":\"https:\/\/caminhodasaguas.org.br\/vida\/#\/schema\/logo\/image\/\"},\"sameAs\":[\"https:\/\/facebook.com\/caminhodasaguas\",\"https:\/\/x.com\/caminhodasaguas\",\"https:\/\/instagram.com\/caminhoh2o\",\"https:\/\/www.linkedin.com\/company\/ong-caminho-das-guas\"]},{\"@type\":\"Person\",\"@id\":\"https:\/\/caminhodasaguas.org.br\/vida\/#\/schema\/person\/4c4f4143eceaa9dbbbe513c2e83ba768\",\"name\":\"Netuno\",\"image\":{\"@type\":\"ImageObject\",\"inLanguage\":\"pt-BR\",\"@id\":\"https:\/\/caminhodasaguas.org.br\/vida\/#\/schema\/person\/image\/\",\"url\":\"https:\/\/secure.gravatar.com\/avatar\/1cf0626080881652ef4054ade0e09bec5cd63d7128e3e12b02f3713009d8e8df?s=96&d=mm&r=g\",\"contentUrl\":\"https:\/\/secure.gravatar.com\/avatar\/1cf0626080881652ef4054ade0e09bec5cd63d7128e3e12b02f3713009d8e8df?s=96&d=mm&r=g\",\"caption\":\"Netuno\"}}]}<\/script>\n<!-- \/ Yoast SEO plugin. -->","yoast_head_json":{"title":"Direitos Humanos e Direitos da Natureza - \u00c1GUA, PRA QU\u00ca TE QUERO? #001 - Conversando com as \u00c1guas","description":"Conversando com as \u00e1guas, porque eu amo morar neste planeta abundante porque nele nunca falta \u00e1gua","robots":{"index":"index","follow":"follow","max-snippet":"max-snippet:-1","max-image-preview":"max-image-preview:large","max-video-preview":"max-video-preview:-1"},"canonical":"https:\/\/caminhodasaguas.org.br\/vida\/primeiro-encontro-agua-pra-que-te-quero\/","og_locale":"pt_BR","og_type":"article","og_title":"Direitos Humanos e Direitos da Natureza - \u00c1GUA, PRA QU\u00ca TE QUERO? #001 - Conversando com as \u00c1guas","og_description":"Conversando com as \u00e1guas, porque eu amo morar neste planeta abundante porque nele nunca falta \u00e1gua","og_url":"https:\/\/caminhodasaguas.org.br\/vida\/primeiro-encontro-agua-pra-que-te-quero\/","og_site_name":"Conversando com as \u00c1guas","article_publisher":"https:\/\/facebook.com\/caminhodasaguas","article_published_time":"2021-09-16T22:10:08+00:00","article_modified_time":"2023-04-14T17:39:49+00:00","og_image":[{"width":940,"height":788,"url":"https:\/\/caminhodasaguas.org.br\/vida\/wp-content\/uploads\/sites\/5\/2021\/09\/conversando_012021-1.png","type":"image\/png"}],"author":"Netuno","twitter_card":"summary_large_image","twitter_creator":"@caminhodasaguas","twitter_site":"@caminhodasaguas","twitter_misc":{"Escrito por":"Netuno","Est. tempo de leitura":"2 minutos"},"schema":{"@context":"https:\/\/schema.org","@graph":[{"@type":"Article","@id":"https:\/\/caminhodasaguas.org.br\/vida\/primeiro-encontro-agua-pra-que-te-quero\/#article","isPartOf":{"@id":"https:\/\/caminhodasaguas.org.br\/vida\/primeiro-encontro-agua-pra-que-te-quero\/"},"author":{"name":"Netuno","@id":"https:\/\/caminhodasaguas.org.br\/vida\/#\/schema\/person\/4c4f4143eceaa9dbbbe513c2e83ba768"},"headline":"Direitos Humanos e Direitos da Natureza &#8211; \u00c1GUA, PRA QU\u00ca TE QUERO? #001","datePublished":"2021-09-16T22:10:08+00:00","dateModified":"2023-04-14T17:39:49+00:00","mainEntityOfPage":{"@id":"https:\/\/caminhodasaguas.org.br\/vida\/primeiro-encontro-agua-pra-que-te-quero\/"},"wordCount":191,"publisher":{"@id":"https:\/\/caminhodasaguas.org.br\/vida\/#organization"},"image":{"@id":"https:\/\/caminhodasaguas.org.br\/vida\/primeiro-encontro-agua-pra-que-te-quero\/#primaryimage"},"thumbnailUrl":"https:\/\/caminhodasaguas.org.br\/vida\/wp-content\/uploads\/sites\/5\/2021\/09\/conversando_012021-1.png","keywords":["\u00e1guas","Direitos da Natureza","Direitos Humanos","florestas","Planos de Bacia Hidrogr\u00e1fica","preserva\u00e7\u00e3o","recupera\u00e7\u00e3o ambiental","recursos h\u00eddricos"],"articleSection":["Conversas"],"inLanguage":"pt-BR"},{"@type":"WebPage","@id":"https:\/\/caminhodasaguas.org.br\/vida\/primeiro-encontro-agua-pra-que-te-quero\/","url":"https:\/\/caminhodasaguas.org.br\/vida\/primeiro-encontro-agua-pra-que-te-quero\/","name":"Direitos Humanos e Direitos da Natureza - \u00c1GUA, PRA QU\u00ca TE QUERO? #001 - Conversando com as \u00c1guas","isPartOf":{"@id":"https:\/\/caminhodasaguas.org.br\/vida\/#website"},"primaryImageOfPage":{"@id":"https:\/\/caminhodasaguas.org.br\/vida\/primeiro-encontro-agua-pra-que-te-quero\/#primaryimage"},"image":{"@id":"https:\/\/caminhodasaguas.org.br\/vida\/primeiro-encontro-agua-pra-que-te-quero\/#primaryimage"},"thumbnailUrl":"https:\/\/caminhodasaguas.org.br\/vida\/wp-content\/uploads\/sites\/5\/2021\/09\/conversando_012021-1.png","datePublished":"2021-09-16T22:10:08+00:00","dateModified":"2023-04-14T17:39:49+00:00","description":"Conversando com as \u00e1guas, porque eu amo morar neste planeta abundante porque nele nunca falta \u00e1gua","breadcrumb":{"@id":"https:\/\/caminhodasaguas.org.br\/vida\/primeiro-encontro-agua-pra-que-te-quero\/#breadcrumb"},"inLanguage":"pt-BR","potentialAction":[{"@type":"ReadAction","target":["https:\/\/caminhodasaguas.org.br\/vida\/primeiro-encontro-agua-pra-que-te-quero\/"]}]},{"@type":"ImageObject","inLanguage":"pt-BR","@id":"https:\/\/caminhodasaguas.org.br\/vida\/primeiro-encontro-agua-pra-que-te-quero\/#primaryimage","url":"https:\/\/caminhodasaguas.org.br\/vida\/wp-content\/uploads\/sites\/5\/2021\/09\/conversando_012021-1.png","contentUrl":"https:\/\/caminhodasaguas.org.br\/vida\/wp-content\/uploads\/sites\/5\/2021\/09\/conversando_012021-1.png","width":940,"height":788},{"@type":"BreadcrumbList","@id":"https:\/\/caminhodasaguas.org.br\/vida\/primeiro-encontro-agua-pra-que-te-quero\/#breadcrumb","itemListElement":[{"@type":"ListItem","position":1,"name":"In\u00edcio","item":"https:\/\/caminhodasaguas.org.br\/vida\/"},{"@type":"ListItem","position":2,"name":"Direitos Humanos e Direitos da Natureza &#8211; \u00c1GUA, PRA QU\u00ca TE QUERO? #001"}]},{"@type":"WebSite","@id":"https:\/\/caminhodasaguas.org.br\/vida\/#website","url":"https:\/\/caminhodasaguas.org.br\/vida\/","name":"Conversando com as \u00c1guas","description":"Amamos morar neste planeta abundante porque nele nunca falta \u00e1gua","publisher":{"@id":"https:\/\/caminhodasaguas.org.br\/vida\/#organization"},"potentialAction":[{"@type":"SearchAction","target":{"@type":"EntryPoint","urlTemplate":"https:\/\/caminhodasaguas.org.br\/vida\/?s={search_term_string}"},"query-input":{"@type":"PropertyValueSpecification","valueRequired":true,"valueName":"search_term_string"}}],"inLanguage":"pt-BR"},{"@type":"Organization","@id":"https:\/\/caminhodasaguas.org.br\/vida\/#organization","name":"ONG Caminho das \u00c1guas","url":"https:\/\/caminhodasaguas.org.br\/vida\/","logo":{"@type":"ImageObject","inLanguage":"pt-BR","@id":"https:\/\/caminhodasaguas.org.br\/vida\/#\/schema\/logo\/image\/","url":"https:\/\/caminhodasaguas.org.br\/vida\/wp-content\/uploads\/sites\/5\/2022\/09\/logo-ch2o_500px.png","contentUrl":"https:\/\/caminhodasaguas.org.br\/vida\/wp-content\/uploads\/sites\/5\/2022\/09\/logo-ch2o_500px.png","width":500,"height":500,"caption":"ONG Caminho das \u00c1guas"},"image":{"@id":"https:\/\/caminhodasaguas.org.br\/vida\/#\/schema\/logo\/image\/"},"sameAs":["https:\/\/facebook.com\/caminhodasaguas","https:\/\/x.com\/caminhodasaguas","https:\/\/instagram.com\/caminhoh2o","https:\/\/www.linkedin.com\/company\/ong-caminho-das-guas"]},{"@type":"Person","@id":"https:\/\/caminhodasaguas.org.br\/vida\/#\/schema\/person\/4c4f4143eceaa9dbbbe513c2e83ba768","name":"Netuno","image":{"@type":"ImageObject","inLanguage":"pt-BR","@id":"https:\/\/caminhodasaguas.org.br\/vida\/#\/schema\/person\/image\/","url":"https:\/\/secure.gravatar.com\/avatar\/1cf0626080881652ef4054ade0e09bec5cd63d7128e3e12b02f3713009d8e8df?s=96&d=mm&r=g","contentUrl":"https:\/\/secure.gravatar.com\/avatar\/1cf0626080881652ef4054ade0e09bec5cd63d7128e3e12b02f3713009d8e8df?s=96&d=mm&r=g","caption":"Netuno"}}]}},"_links":{"self":[{"href":"https:\/\/caminhodasaguas.org.br\/vida\/wp-json\/wp\/v2\/posts\/11","targetHints":{"allow":["GET"]}}],"collection":[{"href":"https:\/\/caminhodasaguas.org.br\/vida\/wp-json\/wp\/v2\/posts"}],"about":[{"href":"https:\/\/caminhodasaguas.org.br\/vida\/wp-json\/wp\/v2\/types\/post"}],"author":[{"embeddable":true,"href":"https:\/\/caminhodasaguas.org.br\/vida\/wp-json\/wp\/v2\/users\/1"}],"replies":[{"embeddable":true,"href":"https:\/\/caminhodasaguas.org.br\/vida\/wp-json\/wp\/v2\/comments?post=11"}],"version-history":[{"count":22,"href":"https:\/\/caminhodasaguas.org.br\/vida\/wp-json\/wp\/v2\/posts\/11\/revisions"}],"predecessor-version":[{"id":230,"href":"https:\/\/caminhodasaguas.org.br\/vida\/wp-json\/wp\/v2\/posts\/11\/revisions\/230"}],"wp:featuredmedia":[{"embeddable":true,"href":"https:\/\/caminhodasaguas.org.br\/vida\/wp-json\/wp\/v2\/media\/101"}],"wp:attachment":[{"href":"https:\/\/caminhodasaguas.org.br\/vida\/wp-json\/wp\/v2\/media?parent=11"}],"wp:term":[{"taxonomy":"category","embeddable":true,"href":"https:\/\/caminhodasaguas.org.br\/vida\/wp-json\/wp\/v2\/categories?post=11"},{"taxonomy":"post_tag","embeddable":true,"href":"https:\/\/caminhodasaguas.org.br\/vida\/wp-json\/wp\/v2\/tags?post=11"}],"curies":[{"name":"wp","href":"https:\/\/api.w.org\/{rel}","templated":true}]}}