{"id":114,"date":"2021-11-30T20:33:13","date_gmt":"2021-11-30T23:33:13","guid":{"rendered":"https:\/\/caminhodasaguas.org.br\/vida\/?p=114"},"modified":"2023-04-14T14:34:55","modified_gmt":"2023-04-14T17:34:55","slug":"conversando-com-as-aguas-agua-pra-que-te-quero-cnrh-e-estado-de-sp-003","status":"publish","type":"post","link":"https:\/\/caminhodasaguas.org.br\/vida\/conversando-com-as-aguas-agua-pra-que-te-quero-cnrh-e-estado-de-sp-003\/","title":{"rendered":"CNRH e Estado de SP em 2021 &#8211; \u00c1GUA, PRA QU\u00ca TE QUERO? #002"},"content":{"rendered":"<p>Eu amo morar neste planeta abundante porque nele nunca falta \u00e1gua!<\/p>\n<div class=\"video-container\"><iframe title=\"Conversando com as \u00c1guas do CNRH e Estado de SP em 2021 - \u00c1GUA, PRA QU\u00ca TE QUERO? #002\" width=\"740\" height=\"416\" src=\"https:\/\/www.youtube.com\/embed\/KLsYODXTnDc?feature=oembed\" frameborder=\"0\" allow=\"accelerometer; autoplay; clipboard-write; encrypted-media; gyroscope; picture-in-picture; web-share\" allowfullscreen><\/iframe><\/div>\n<p>Neste terceiro encontro do &#8220;Conversando com as \u00c1guas&#8221;, Carlos Diego e Cledir Mendes compartilham algumas observa\u00e7\u00f5es e a\u00e7\u00f5es dos \u00faltimos tempos, focando na gest\u00e3o participativa (ou interativa) dos recursos h\u00eddricos e na defesa dos Direitos das \u00c1guas.<\/p>\n<p>Tamb\u00e9m foi levantada a pauta da reuni\u00e3o do <a href=\"https:\/\/cnrh.mdr.gov.br\/\" target=\"_blank\" rel=\"noopener\">Conselho Nacional de Recursos H\u00eddricos &#8211; CNHR<\/a>, na qual foi apresentada as principais ideias do Marco H\u00eddrico, mesmo sem transpar\u00eancia no Projeto de Lei em debate, principalmente junto aos membros do conselho ou encaminhamentos para discuss\u00e3o junto aos Comit\u00eas de Bacia Hidrogr\u00e1ficas e sociedade como um todo.<\/p>\n<p><a href=\"https:\/\/vai.aguas.cc\/youtube\" target=\"_blank\" rel=\"noopener\">Deixe o like!<\/a><br \/>\n<a href=\"https:\/\/vai.aguas.cc\/youtube\" target=\"_blank\" rel=\"noopener\">Se inscreva!<br \/>\nAtive o sino!<\/a><\/p>\n<p>Saiba mais: <a href=\"https:\/\/vai.aguas.cc\/vida\" target=\"_blank\" rel=\"noopener\">https:\/\/vai.aguas.cc\/vida<\/a><br \/>\nE mais: <a href=\"https:\/\/agenda.aguas.bio.br\" target=\"_blank\" rel=\"noopener\">https:\/\/agenda.aguas.bio.br<\/a><\/p>\n<p>Redes sociais:<br \/>\nInstagram: <a href=\"https:\/\/instagram.com\/ongcaminhodasaguas\" target=\"_blank\" rel=\"noopener\">@ongcaminhodasaguas<\/a><br \/>\nTwitter: <a href=\"https:\/\/twitter.com\/caminhodasaguas\" target=\"_blank\" rel=\"noopener\">@caminhodasaguas<\/a><\/p>\n<p>&nbsp;<\/p>\n<p>&nbsp;<\/p>\n<div style=\"position: static !important;\"><\/div>\n<div style=\"position: static !important;\"><\/div>\n","protected":false},"excerpt":{"rendered":"<p>Eu amo morar neste planeta abundante porque nele nunca falta \u00e1gua! Neste terceiro encontro do &#8220;Conversando com as \u00c1guas&#8221;, Carlos Diego e Cledir Mendes compartilham algumas observa\u00e7\u00f5es e a\u00e7\u00f5es dos \u00faltimos tempos, focando na gest\u00e3o participativa (ou interativa) dos recursos h\u00eddricos e na defesa dos Direitos das \u00c1guas. Tamb\u00e9m foi levantada a pauta da reuni\u00e3o&#46;&#46;&#46;<\/p>\n","protected":false},"author":1,"featured_media":6,"comment_status":"closed","ping_status":"open","sticky":false,"template":"","format":"standard","meta":{"footnotes":""},"categories":[7],"tags":[24,4,26,25],"class_list":["post-114","post","type-post","status-publish","format-standard","has-post-thumbnail","hentry","category-conversas","tag-cnrh","tag-conversando-com-as-aguas","tag-infraestrutura-hidrica","tag-marco-hidrico"],"yoast_head":"<!-- This site is optimized with the Yoast SEO plugin v27.0 - https:\/\/yoast.com\/product\/yoast-seo-wordpress\/ -->\n<title>CNRH e Estado de SP em 2021 - \u00c1GUA, PRA QU\u00ca TE QUERO? #002 - Conversando com as \u00c1guas<\/title>\n<meta name=\"description\" content=\"Conversando com as \u00e1guas sobre as Bacias Hidrogr\u00e1ficas e o Marco H\u00eddrico, neste planeta abundante porque nele nunca falta \u00e1gua.\" \/>\n<meta name=\"robots\" content=\"index, follow, max-snippet:-1, max-image-preview:large, max-video-preview:-1\" \/>\n<link rel=\"canonical\" href=\"https:\/\/caminhodasaguas.org.br\/vida\/conversando-com-as-aguas-agua-pra-que-te-quero-cnrh-e-estado-de-sp-003\/\" \/>\n<meta property=\"og:locale\" content=\"pt_BR\" \/>\n<meta property=\"og:type\" content=\"article\" \/>\n<meta property=\"og:title\" content=\"CNRH e Estado de SP em 2021 - \u00c1GUA, PRA QU\u00ca TE QUERO? #002 - Conversando com as \u00c1guas\" \/>\n<meta property=\"og:description\" content=\"Conversando com as \u00e1guas sobre as Bacias Hidrogr\u00e1ficas e o Marco H\u00eddrico, neste planeta abundante porque nele nunca falta \u00e1gua.\" \/>\n<meta property=\"og:url\" content=\"https:\/\/caminhodasaguas.org.br\/vida\/conversando-com-as-aguas-agua-pra-que-te-quero-cnrh-e-estado-de-sp-003\/\" \/>\n<meta property=\"og:site_name\" content=\"Conversando com as \u00c1guas\" \/>\n<meta property=\"article:publisher\" content=\"https:\/\/facebook.com\/caminhodasaguas\" \/>\n<meta property=\"article:published_time\" content=\"2021-11-30T23:33:13+00:00\" \/>\n<meta property=\"article:modified_time\" content=\"2023-04-14T17:34:55+00:00\" \/>\n<meta property=\"og:image\" content=\"https:\/\/caminhodasaguas.org.br\/vida\/wp-content\/uploads\/sites\/5\/2021\/09\/aguasml-conversas-sobre-seguranca-hidrica-e-territorios-biorregionais-agua-te-quiero-1152x648-1.png\" \/>\n\t<meta property=\"og:image:width\" content=\"1152\" \/>\n\t<meta property=\"og:image:height\" content=\"648\" \/>\n\t<meta property=\"og:image:type\" content=\"image\/png\" \/>\n<meta name=\"author\" content=\"Netuno\" \/>\n<meta name=\"twitter:card\" content=\"summary_large_image\" \/>\n<meta name=\"twitter:creator\" content=\"@caminhodasaguas\" \/>\n<meta name=\"twitter:site\" content=\"@caminhodasaguas\" \/>\n<meta name=\"twitter:label1\" content=\"Escrito por\" \/>\n\t<meta name=\"twitter:data1\" content=\"Netuno\" \/>\n\t<meta name=\"twitter:label2\" content=\"Est. tempo de leitura\" \/>\n\t<meta name=\"twitter:data2\" content=\"1 minuto\" \/>\n<script type=\"application\/ld+json\" class=\"yoast-schema-graph\">{\"@context\":\"https:\/\/schema.org\",\"@graph\":[{\"@type\":\"Article\",\"@id\":\"https:\/\/caminhodasaguas.org.br\/vida\/conversando-com-as-aguas-agua-pra-que-te-quero-cnrh-e-estado-de-sp-003\/#article\",\"isPartOf\":{\"@id\":\"https:\/\/caminhodasaguas.org.br\/vida\/conversando-com-as-aguas-agua-pra-que-te-quero-cnrh-e-estado-de-sp-003\/\"},\"author\":{\"name\":\"Netuno\",\"@id\":\"https:\/\/caminhodasaguas.org.br\/vida\/#\/schema\/person\/4c4f4143eceaa9dbbbe513c2e83ba768\"},\"headline\":\"CNRH e Estado de SP em 2021 &#8211; \u00c1GUA, PRA QU\u00ca TE QUERO? #002\",\"datePublished\":\"2021-11-30T23:33:13+00:00\",\"dateModified\":\"2023-04-14T17:34:55+00:00\",\"mainEntityOfPage\":{\"@id\":\"https:\/\/caminhodasaguas.org.br\/vida\/conversando-com-as-aguas-agua-pra-que-te-quero-cnrh-e-estado-de-sp-003\/\"},\"wordCount\":161,\"publisher\":{\"@id\":\"https:\/\/caminhodasaguas.org.br\/vida\/#organization\"},\"image\":{\"@id\":\"https:\/\/caminhodasaguas.org.br\/vida\/conversando-com-as-aguas-agua-pra-que-te-quero-cnrh-e-estado-de-sp-003\/#primaryimage\"},\"thumbnailUrl\":\"https:\/\/caminhodasaguas.org.br\/vida\/wp-content\/uploads\/sites\/5\/2021\/09\/aguasml-conversas-sobre-seguranca-hidrica-e-territorios-biorregionais-agua-te-quiero-1152x648-1.png\",\"keywords\":[\"CNRH\",\"conversando com as \u00e1guas\",\"Infraestrutura H\u00eddrica\",\"Marco H\u00eddrico\"],\"articleSection\":[\"Conversas\"],\"inLanguage\":\"pt-BR\"},{\"@type\":\"WebPage\",\"@id\":\"https:\/\/caminhodasaguas.org.br\/vida\/conversando-com-as-aguas-agua-pra-que-te-quero-cnrh-e-estado-de-sp-003\/\",\"url\":\"https:\/\/caminhodasaguas.org.br\/vida\/conversando-com-as-aguas-agua-pra-que-te-quero-cnrh-e-estado-de-sp-003\/\",\"name\":\"CNRH e Estado de SP em 2021 - \u00c1GUA, PRA QU\u00ca TE QUERO? #002 - Conversando com as \u00c1guas\",\"isPartOf\":{\"@id\":\"https:\/\/caminhodasaguas.org.br\/vida\/#website\"},\"primaryImageOfPage\":{\"@id\":\"https:\/\/caminhodasaguas.org.br\/vida\/conversando-com-as-aguas-agua-pra-que-te-quero-cnrh-e-estado-de-sp-003\/#primaryimage\"},\"image\":{\"@id\":\"https:\/\/caminhodasaguas.org.br\/vida\/conversando-com-as-aguas-agua-pra-que-te-quero-cnrh-e-estado-de-sp-003\/#primaryimage\"},\"thumbnailUrl\":\"https:\/\/caminhodasaguas.org.br\/vida\/wp-content\/uploads\/sites\/5\/2021\/09\/aguasml-conversas-sobre-seguranca-hidrica-e-territorios-biorregionais-agua-te-quiero-1152x648-1.png\",\"datePublished\":\"2021-11-30T23:33:13+00:00\",\"dateModified\":\"2023-04-14T17:34:55+00:00\",\"description\":\"Conversando com as \u00e1guas sobre as Bacias Hidrogr\u00e1ficas e o Marco H\u00eddrico, neste planeta abundante porque nele nunca falta \u00e1gua.\",\"breadcrumb\":{\"@id\":\"https:\/\/caminhodasaguas.org.br\/vida\/conversando-com-as-aguas-agua-pra-que-te-quero-cnrh-e-estado-de-sp-003\/#breadcrumb\"},\"inLanguage\":\"pt-BR\",\"potentialAction\":[{\"@type\":\"ReadAction\",\"target\":[\"https:\/\/caminhodasaguas.org.br\/vida\/conversando-com-as-aguas-agua-pra-que-te-quero-cnrh-e-estado-de-sp-003\/\"]}]},{\"@type\":\"ImageObject\",\"inLanguage\":\"pt-BR\",\"@id\":\"https:\/\/caminhodasaguas.org.br\/vida\/conversando-com-as-aguas-agua-pra-que-te-quero-cnrh-e-estado-de-sp-003\/#primaryimage\",\"url\":\"https:\/\/caminhodasaguas.org.br\/vida\/wp-content\/uploads\/sites\/5\/2021\/09\/aguasml-conversas-sobre-seguranca-hidrica-e-territorios-biorregionais-agua-te-quiero-1152x648-1.png\",\"contentUrl\":\"https:\/\/caminhodasaguas.org.br\/vida\/wp-content\/uploads\/sites\/5\/2021\/09\/aguasml-conversas-sobre-seguranca-hidrica-e-territorios-biorregionais-agua-te-quiero-1152x648-1.png\",\"width\":1152,\"height\":648},{\"@type\":\"BreadcrumbList\",\"@id\":\"https:\/\/caminhodasaguas.org.br\/vida\/conversando-com-as-aguas-agua-pra-que-te-quero-cnrh-e-estado-de-sp-003\/#breadcrumb\",\"itemListElement\":[{\"@type\":\"ListItem\",\"position\":1,\"name\":\"In\u00edcio\",\"item\":\"https:\/\/caminhodasaguas.org.br\/vida\/\"},{\"@type\":\"ListItem\",\"position\":2,\"name\":\"CNRH e Estado de SP em 2021 &#8211; \u00c1GUA, PRA QU\u00ca TE QUERO? #002\"}]},{\"@type\":\"WebSite\",\"@id\":\"https:\/\/caminhodasaguas.org.br\/vida\/#website\",\"url\":\"https:\/\/caminhodasaguas.org.br\/vida\/\",\"name\":\"Conversando com as \u00c1guas\",\"description\":\"Amamos morar neste planeta abundante porque nele nunca falta \u00e1gua\",\"publisher\":{\"@id\":\"https:\/\/caminhodasaguas.org.br\/vida\/#organization\"},\"potentialAction\":[{\"@type\":\"SearchAction\",\"target\":{\"@type\":\"EntryPoint\",\"urlTemplate\":\"https:\/\/caminhodasaguas.org.br\/vida\/?s={search_term_string}\"},\"query-input\":{\"@type\":\"PropertyValueSpecification\",\"valueRequired\":true,\"valueName\":\"search_term_string\"}}],\"inLanguage\":\"pt-BR\"},{\"@type\":\"Organization\",\"@id\":\"https:\/\/caminhodasaguas.org.br\/vida\/#organization\",\"name\":\"ONG Caminho das \u00c1guas\",\"url\":\"https:\/\/caminhodasaguas.org.br\/vida\/\",\"logo\":{\"@type\":\"ImageObject\",\"inLanguage\":\"pt-BR\",\"@id\":\"https:\/\/caminhodasaguas.org.br\/vida\/#\/schema\/logo\/image\/\",\"url\":\"https:\/\/caminhodasaguas.org.br\/vida\/wp-content\/uploads\/sites\/5\/2022\/09\/logo-ch2o_500px.png\",\"contentUrl\":\"https:\/\/caminhodasaguas.org.br\/vida\/wp-content\/uploads\/sites\/5\/2022\/09\/logo-ch2o_500px.png\",\"width\":500,\"height\":500,\"caption\":\"ONG Caminho das \u00c1guas\"},\"image\":{\"@id\":\"https:\/\/caminhodasaguas.org.br\/vida\/#\/schema\/logo\/image\/\"},\"sameAs\":[\"https:\/\/facebook.com\/caminhodasaguas\",\"https:\/\/x.com\/caminhodasaguas\",\"https:\/\/instagram.com\/caminhoh2o\",\"https:\/\/www.linkedin.com\/company\/ong-caminho-das-guas\"]},{\"@type\":\"Person\",\"@id\":\"https:\/\/caminhodasaguas.org.br\/vida\/#\/schema\/person\/4c4f4143eceaa9dbbbe513c2e83ba768\",\"name\":\"Netuno\",\"image\":{\"@type\":\"ImageObject\",\"inLanguage\":\"pt-BR\",\"@id\":\"https:\/\/caminhodasaguas.org.br\/vida\/#\/schema\/person\/image\/\",\"url\":\"https:\/\/secure.gravatar.com\/avatar\/1cf0626080881652ef4054ade0e09bec5cd63d7128e3e12b02f3713009d8e8df?s=96&d=mm&r=g\",\"contentUrl\":\"https:\/\/secure.gravatar.com\/avatar\/1cf0626080881652ef4054ade0e09bec5cd63d7128e3e12b02f3713009d8e8df?s=96&d=mm&r=g\",\"caption\":\"Netuno\"}}]}<\/script>\n<!-- \/ Yoast SEO plugin. -->","yoast_head_json":{"title":"CNRH e Estado de SP em 2021 - \u00c1GUA, PRA QU\u00ca TE QUERO? #002 - Conversando com as \u00c1guas","description":"Conversando com as \u00e1guas sobre as Bacias Hidrogr\u00e1ficas e o Marco H\u00eddrico, neste planeta abundante porque nele nunca falta \u00e1gua.","robots":{"index":"index","follow":"follow","max-snippet":"max-snippet:-1","max-image-preview":"max-image-preview:large","max-video-preview":"max-video-preview:-1"},"canonical":"https:\/\/caminhodasaguas.org.br\/vida\/conversando-com-as-aguas-agua-pra-que-te-quero-cnrh-e-estado-de-sp-003\/","og_locale":"pt_BR","og_type":"article","og_title":"CNRH e Estado de SP em 2021 - \u00c1GUA, PRA QU\u00ca TE QUERO? #002 - Conversando com as \u00c1guas","og_description":"Conversando com as \u00e1guas sobre as Bacias Hidrogr\u00e1ficas e o Marco H\u00eddrico, neste planeta abundante porque nele nunca falta \u00e1gua.","og_url":"https:\/\/caminhodasaguas.org.br\/vida\/conversando-com-as-aguas-agua-pra-que-te-quero-cnrh-e-estado-de-sp-003\/","og_site_name":"Conversando com as \u00c1guas","article_publisher":"https:\/\/facebook.com\/caminhodasaguas","article_published_time":"2021-11-30T23:33:13+00:00","article_modified_time":"2023-04-14T17:34:55+00:00","og_image":[{"width":1152,"height":648,"url":"https:\/\/caminhodasaguas.org.br\/vida\/wp-content\/uploads\/sites\/5\/2021\/09\/aguasml-conversas-sobre-seguranca-hidrica-e-territorios-biorregionais-agua-te-quiero-1152x648-1.png","type":"image\/png"}],"author":"Netuno","twitter_card":"summary_large_image","twitter_creator":"@caminhodasaguas","twitter_site":"@caminhodasaguas","twitter_misc":{"Escrito por":"Netuno","Est. tempo de leitura":"1 minuto"},"schema":{"@context":"https:\/\/schema.org","@graph":[{"@type":"Article","@id":"https:\/\/caminhodasaguas.org.br\/vida\/conversando-com-as-aguas-agua-pra-que-te-quero-cnrh-e-estado-de-sp-003\/#article","isPartOf":{"@id":"https:\/\/caminhodasaguas.org.br\/vida\/conversando-com-as-aguas-agua-pra-que-te-quero-cnrh-e-estado-de-sp-003\/"},"author":{"name":"Netuno","@id":"https:\/\/caminhodasaguas.org.br\/vida\/#\/schema\/person\/4c4f4143eceaa9dbbbe513c2e83ba768"},"headline":"CNRH e Estado de SP em 2021 &#8211; \u00c1GUA, PRA QU\u00ca TE QUERO? #002","datePublished":"2021-11-30T23:33:13+00:00","dateModified":"2023-04-14T17:34:55+00:00","mainEntityOfPage":{"@id":"https:\/\/caminhodasaguas.org.br\/vida\/conversando-com-as-aguas-agua-pra-que-te-quero-cnrh-e-estado-de-sp-003\/"},"wordCount":161,"publisher":{"@id":"https:\/\/caminhodasaguas.org.br\/vida\/#organization"},"image":{"@id":"https:\/\/caminhodasaguas.org.br\/vida\/conversando-com-as-aguas-agua-pra-que-te-quero-cnrh-e-estado-de-sp-003\/#primaryimage"},"thumbnailUrl":"https:\/\/caminhodasaguas.org.br\/vida\/wp-content\/uploads\/sites\/5\/2021\/09\/aguasml-conversas-sobre-seguranca-hidrica-e-territorios-biorregionais-agua-te-quiero-1152x648-1.png","keywords":["CNRH","conversando com as \u00e1guas","Infraestrutura H\u00eddrica","Marco H\u00eddrico"],"articleSection":["Conversas"],"inLanguage":"pt-BR"},{"@type":"WebPage","@id":"https:\/\/caminhodasaguas.org.br\/vida\/conversando-com-as-aguas-agua-pra-que-te-quero-cnrh-e-estado-de-sp-003\/","url":"https:\/\/caminhodasaguas.org.br\/vida\/conversando-com-as-aguas-agua-pra-que-te-quero-cnrh-e-estado-de-sp-003\/","name":"CNRH e Estado de SP em 2021 - \u00c1GUA, PRA QU\u00ca TE QUERO? #002 - Conversando com as \u00c1guas","isPartOf":{"@id":"https:\/\/caminhodasaguas.org.br\/vida\/#website"},"primaryImageOfPage":{"@id":"https:\/\/caminhodasaguas.org.br\/vida\/conversando-com-as-aguas-agua-pra-que-te-quero-cnrh-e-estado-de-sp-003\/#primaryimage"},"image":{"@id":"https:\/\/caminhodasaguas.org.br\/vida\/conversando-com-as-aguas-agua-pra-que-te-quero-cnrh-e-estado-de-sp-003\/#primaryimage"},"thumbnailUrl":"https:\/\/caminhodasaguas.org.br\/vida\/wp-content\/uploads\/sites\/5\/2021\/09\/aguasml-conversas-sobre-seguranca-hidrica-e-territorios-biorregionais-agua-te-quiero-1152x648-1.png","datePublished":"2021-11-30T23:33:13+00:00","dateModified":"2023-04-14T17:34:55+00:00","description":"Conversando com as \u00e1guas sobre as Bacias Hidrogr\u00e1ficas e o Marco H\u00eddrico, neste planeta abundante porque nele nunca falta \u00e1gua.","breadcrumb":{"@id":"https:\/\/caminhodasaguas.org.br\/vida\/conversando-com-as-aguas-agua-pra-que-te-quero-cnrh-e-estado-de-sp-003\/#breadcrumb"},"inLanguage":"pt-BR","potentialAction":[{"@type":"ReadAction","target":["https:\/\/caminhodasaguas.org.br\/vida\/conversando-com-as-aguas-agua-pra-que-te-quero-cnrh-e-estado-de-sp-003\/"]}]},{"@type":"ImageObject","inLanguage":"pt-BR","@id":"https:\/\/caminhodasaguas.org.br\/vida\/conversando-com-as-aguas-agua-pra-que-te-quero-cnrh-e-estado-de-sp-003\/#primaryimage","url":"https:\/\/caminhodasaguas.org.br\/vida\/wp-content\/uploads\/sites\/5\/2021\/09\/aguasml-conversas-sobre-seguranca-hidrica-e-territorios-biorregionais-agua-te-quiero-1152x648-1.png","contentUrl":"https:\/\/caminhodasaguas.org.br\/vida\/wp-content\/uploads\/sites\/5\/2021\/09\/aguasml-conversas-sobre-seguranca-hidrica-e-territorios-biorregionais-agua-te-quiero-1152x648-1.png","width":1152,"height":648},{"@type":"BreadcrumbList","@id":"https:\/\/caminhodasaguas.org.br\/vida\/conversando-com-as-aguas-agua-pra-que-te-quero-cnrh-e-estado-de-sp-003\/#breadcrumb","itemListElement":[{"@type":"ListItem","position":1,"name":"In\u00edcio","item":"https:\/\/caminhodasaguas.org.br\/vida\/"},{"@type":"ListItem","position":2,"name":"CNRH e Estado de SP em 2021 &#8211; \u00c1GUA, PRA QU\u00ca TE QUERO? #002"}]},{"@type":"WebSite","@id":"https:\/\/caminhodasaguas.org.br\/vida\/#website","url":"https:\/\/caminhodasaguas.org.br\/vida\/","name":"Conversando com as \u00c1guas","description":"Amamos morar neste planeta abundante porque nele nunca falta \u00e1gua","publisher":{"@id":"https:\/\/caminhodasaguas.org.br\/vida\/#organization"},"potentialAction":[{"@type":"SearchAction","target":{"@type":"EntryPoint","urlTemplate":"https:\/\/caminhodasaguas.org.br\/vida\/?s={search_term_string}"},"query-input":{"@type":"PropertyValueSpecification","valueRequired":true,"valueName":"search_term_string"}}],"inLanguage":"pt-BR"},{"@type":"Organization","@id":"https:\/\/caminhodasaguas.org.br\/vida\/#organization","name":"ONG Caminho das \u00c1guas","url":"https:\/\/caminhodasaguas.org.br\/vida\/","logo":{"@type":"ImageObject","inLanguage":"pt-BR","@id":"https:\/\/caminhodasaguas.org.br\/vida\/#\/schema\/logo\/image\/","url":"https:\/\/caminhodasaguas.org.br\/vida\/wp-content\/uploads\/sites\/5\/2022\/09\/logo-ch2o_500px.png","contentUrl":"https:\/\/caminhodasaguas.org.br\/vida\/wp-content\/uploads\/sites\/5\/2022\/09\/logo-ch2o_500px.png","width":500,"height":500,"caption":"ONG Caminho das \u00c1guas"},"image":{"@id":"https:\/\/caminhodasaguas.org.br\/vida\/#\/schema\/logo\/image\/"},"sameAs":["https:\/\/facebook.com\/caminhodasaguas","https:\/\/x.com\/caminhodasaguas","https:\/\/instagram.com\/caminhoh2o","https:\/\/www.linkedin.com\/company\/ong-caminho-das-guas"]},{"@type":"Person","@id":"https:\/\/caminhodasaguas.org.br\/vida\/#\/schema\/person\/4c4f4143eceaa9dbbbe513c2e83ba768","name":"Netuno","image":{"@type":"ImageObject","inLanguage":"pt-BR","@id":"https:\/\/caminhodasaguas.org.br\/vida\/#\/schema\/person\/image\/","url":"https:\/\/secure.gravatar.com\/avatar\/1cf0626080881652ef4054ade0e09bec5cd63d7128e3e12b02f3713009d8e8df?s=96&d=mm&r=g","contentUrl":"https:\/\/secure.gravatar.com\/avatar\/1cf0626080881652ef4054ade0e09bec5cd63d7128e3e12b02f3713009d8e8df?s=96&d=mm&r=g","caption":"Netuno"}}]}},"_links":{"self":[{"href":"https:\/\/caminhodasaguas.org.br\/vida\/wp-json\/wp\/v2\/posts\/114","targetHints":{"allow":["GET"]}}],"collection":[{"href":"https:\/\/caminhodasaguas.org.br\/vida\/wp-json\/wp\/v2\/posts"}],"about":[{"href":"https:\/\/caminhodasaguas.org.br\/vida\/wp-json\/wp\/v2\/types\/post"}],"author":[{"embeddable":true,"href":"https:\/\/caminhodasaguas.org.br\/vida\/wp-json\/wp\/v2\/users\/1"}],"replies":[{"embeddable":true,"href":"https:\/\/caminhodasaguas.org.br\/vida\/wp-json\/wp\/v2\/comments?post=114"}],"version-history":[{"count":10,"href":"https:\/\/caminhodasaguas.org.br\/vida\/wp-json\/wp\/v2\/posts\/114\/revisions"}],"predecessor-version":[{"id":227,"href":"https:\/\/caminhodasaguas.org.br\/vida\/wp-json\/wp\/v2\/posts\/114\/revisions\/227"}],"wp:featuredmedia":[{"embeddable":true,"href":"https:\/\/caminhodasaguas.org.br\/vida\/wp-json\/wp\/v2\/media\/6"}],"wp:attachment":[{"href":"https:\/\/caminhodasaguas.org.br\/vida\/wp-json\/wp\/v2\/media?parent=114"}],"wp:term":[{"taxonomy":"category","embeddable":true,"href":"https:\/\/caminhodasaguas.org.br\/vida\/wp-json\/wp\/v2\/categories?post=114"},{"taxonomy":"post_tag","embeddable":true,"href":"https:\/\/caminhodasaguas.org.br\/vida\/wp-json\/wp\/v2\/tags?post=114"}],"curies":[{"name":"wp","href":"https:\/\/api.w.org\/{rel}","templated":true}]}}