{"id":134,"date":"2022-09-16T11:37:30","date_gmt":"2022-09-16T14:37:30","guid":{"rendered":"https:\/\/caminhodasaguas.org.br\/vida\/?p=134"},"modified":"2023-04-14T16:25:01","modified_gmt":"2023-04-14T19:25:01","slug":"planos-de-bacia-hidrografica-na-recuperacao-e-preservacao-das-aguas-e-florestas","status":"publish","type":"post","link":"https:\/\/caminhodasaguas.org.br\/vida\/planos-de-bacia-hidrografica-na-recuperacao-e-preservacao-das-aguas-e-florestas\/","title":{"rendered":"Planos de Bacia Hidrogr\u00e1fica na recupera\u00e7\u00e3o e preserva\u00e7\u00e3o das \u00e1guas e florestas &#8211; \u00c1GUA, PRA QU\u00ca TE QUERO? #003"},"content":{"rendered":"<p>No dia 22 de Setembro, dando as boas vindas \u00e0 Primavera, nos encontraremos para compartilhar saberes, viv\u00eancias, perguntas e olhares sobre a atua\u00e7\u00e3o da Sociedade Civil Organizada e o mundo das \u00e1guas e dos Direitos da Natureza.<!--more--><\/p>\n<blockquote><p><img decoding=\"async\" class=\"alignright wp-image-135 size-thumbnail\" src=\"https:\/\/caminhodasaguas.org.br\/vida\/wp-content\/uploads\/sites\/5\/2022\/09\/conversando-3-flyer-150x150.png\" alt=\"\" width=\"150\" height=\"150\" srcset=\"https:\/\/caminhodasaguas.org.br\/vida\/wp-content\/uploads\/sites\/5\/2022\/09\/conversando-3-flyer-150x150.png 150w, https:\/\/caminhodasaguas.org.br\/vida\/wp-content\/uploads\/sites\/5\/2022\/09\/conversando-3-flyer-560x560.png 560w\" sizes=\"(max-width: 150px) 100vw, 150px\" \/>Quais contribui\u00e7\u00f5es para a execu\u00e7\u00e3o dos Planos de Bacia Hidrogr\u00e1fica, na recupera\u00e7\u00e3o e preserva\u00e7\u00e3o das nossas \u00e1guas e florestas e para garantir os Direitos da Natureza?<\/p><\/blockquote>\n<p>Neste bate papo, o ambientalista Luiz Cavalchuki da <a href=\"https:\/\/riopardovivo.org\/\" target=\"_blank\" rel=\"noopener\">Ong Rio Pardo Vivo<\/a> e Cledir Mendes Soares da <a href=\"https:\/\/instagram.com\/pro_azul_ambiental?igshid=YmMyMTA2M2Y=\" target=\"_blank\" rel=\"noopener\">Ong Pro Azul<\/a> contar\u00e3o sobre suas atua\u00e7\u00f5es na Bacia Hidrogr\u00e1fica do M\u00e9dio Paranapanema, no Estado de S\u00e3o Paulo, com media\u00e7\u00e3o de Carlos Diego do Movimento S\u00f3cio-Ambiental <a href=\"https:\/\/caminhodasaguas.org.br\" target=\"_blank\" rel=\"noopener\">Caminho das \u00c1guas<\/a> e rede <a href=\"http:\/\/www.harmonywithnatureun.org\/\" target=\"_blank\" rel=\"noopener\">Harmony with Nature &#8211; UN<\/a>.<\/p>\n<p>Venha participar deste bate papo e nos ajudar a pensar coletivamente!<\/p>\n<h3>Reflita: &#8220;Agua, pra que te quero?&#8221;<\/h3>\n<p>DIA: 22 de setembro de 2022<\/p>\n<p>Hora: 19:30<\/p>\n<p>No <a href=\"https:\/\/www.youtube.com\/channel\/UCPR4dfKPL672QT_fglKcTnA\" target=\"_blank\" rel=\"noopener\">Youtube da Caminho das \u00c1guas<\/a> e outras m\u00eddias<\/p>\n<p><a href=\"https:\/\/vai.aguas.cc\/youtube\" target=\"_blank\" rel=\"noopener\">Deixe o like!<\/a><br \/>\n<a href=\"https:\/\/vai.aguas.cc\/youtube\" target=\"_blank\" rel=\"noopener\">Se inscreva!<br \/>\nAtive o sino!<\/a><\/p>\n<p>Saiba mais: <a href=\"https:\/\/vai.aguas.cc\/vida\" target=\"_blank\" rel=\"noopener\">https:\/\/vai.aguas.cc\/vida<\/a><br \/>\nE mais: <a href=\"https:\/\/agenda.aguas.bio.br\" target=\"_blank\" rel=\"noopener\">https:\/\/agenda.aguas.bio.br<\/a><\/p>\n<p>Redes sociais:<br \/>\nInstagram: <a href=\"https:\/\/instagram.com\/ongcaminhodasaguas\" target=\"_blank\" rel=\"noopener\">@ongcaminhodasaguas<\/a><br \/>\nTwitter: <a href=\"https:\/\/twitter.com\/caminhodasaguas\" target=\"_blank\" rel=\"noopener\">@caminhodasaguas<\/a><\/p>\n<div class=\"video-container\"><iframe title=\"Conversando com as \u00c1guas e os Planos de Bacia Hidrogr\u00e1fica  - \u00c1GUA, PRA QU\u00ca TE QUERO? #003\" width=\"740\" height=\"416\" src=\"https:\/\/www.youtube.com\/embed\/Kio9OU2VxPE?feature=oembed\" frameborder=\"0\" allow=\"accelerometer; autoplay; clipboard-write; encrypted-media; gyroscope; picture-in-picture; web-share\" allowfullscreen><\/iframe><\/div>\n<p>&nbsp;<\/p>\n<p><img fetchpriority=\"high\" decoding=\"async\" class=\"alignnone size-full wp-image-135\" src=\"https:\/\/caminhodasaguas.org.br\/vida\/wp-content\/uploads\/sites\/5\/2022\/09\/conversando-3-flyer.png\" alt=\"\" width=\"940\" height=\"788\" srcset=\"https:\/\/caminhodasaguas.org.br\/vida\/wp-content\/uploads\/sites\/5\/2022\/09\/conversando-3-flyer.png 940w, https:\/\/caminhodasaguas.org.br\/vida\/wp-content\/uploads\/sites\/5\/2022\/09\/conversando-3-flyer-300x251.png 300w, https:\/\/caminhodasaguas.org.br\/vida\/wp-content\/uploads\/sites\/5\/2022\/09\/conversando-3-flyer-768x644.png 768w\" sizes=\"(max-width: 940px) 100vw, 940px\" \/><\/p>\n","protected":false},"excerpt":{"rendered":"<p>No dia 22 de Setembro, dando as boas vindas \u00e0 Primavera, nos encontraremos para compartilhar saberes, viv\u00eancias, perguntas e olhares sobre a atua\u00e7\u00e3o da Sociedade Civil Organizada e o mundo das \u00e1guas e dos Direitos da Natureza.<\/p>\n","protected":false},"author":1,"featured_media":135,"comment_status":"closed","ping_status":"open","sticky":false,"template":"","format":"standard","meta":{"footnotes":""},"categories":[7],"tags":[46,42,41,48,43,45,44,47],"class_list":["post-134","post","type-post","status-publish","format-standard","has-post-thumbnail","hentry","category-conversas","tag-aguas","tag-direitos-da-natureza","tag-direitos-humanos","tag-florestas","tag-planos-de-bacia-hidrografica","tag-preservacao","tag-recuperacao-ambiental","tag-recursos-hidricos"],"yoast_head":"<!-- This site is optimized with the Yoast SEO plugin v27.0 - https:\/\/yoast.com\/product\/yoast-seo-wordpress\/ -->\n<title>Planos de Bacia e Preserva\u00e7\u00e3o - Conversando com as \u00c1guas<\/title>\n<meta name=\"description\" content=\"Os Direitos da Natureza nos Planos de Bacia Hidrogr\u00e1fica e a recupera\u00e7\u00e3o e preserva\u00e7\u00e3o das nossas \u00e1guas e florestas\" \/>\n<meta name=\"robots\" content=\"index, follow, max-snippet:-1, max-image-preview:large, max-video-preview:-1\" \/>\n<link rel=\"canonical\" href=\"https:\/\/caminhodasaguas.org.br\/vida\/planos-de-bacia-hidrografica-na-recuperacao-e-preservacao-das-aguas-e-florestas\/\" \/>\n<meta property=\"og:locale\" content=\"pt_BR\" \/>\n<meta property=\"og:type\" content=\"article\" \/>\n<meta property=\"og:title\" content=\"Planos de Bacia e Preserva\u00e7\u00e3o - Conversando com as \u00c1guas\" \/>\n<meta property=\"og:description\" content=\"Os Direitos da Natureza nos Planos de Bacia Hidrogr\u00e1fica e a recupera\u00e7\u00e3o e preserva\u00e7\u00e3o das nossas \u00e1guas e florestas\" \/>\n<meta property=\"og:url\" content=\"https:\/\/caminhodasaguas.org.br\/vida\/planos-de-bacia-hidrografica-na-recuperacao-e-preservacao-das-aguas-e-florestas\/\" \/>\n<meta property=\"og:site_name\" content=\"Conversando com as \u00c1guas\" \/>\n<meta property=\"article:publisher\" content=\"https:\/\/facebook.com\/caminhodasaguas\" \/>\n<meta property=\"article:published_time\" content=\"2022-09-16T14:37:30+00:00\" \/>\n<meta property=\"article:modified_time\" content=\"2023-04-14T19:25:01+00:00\" \/>\n<meta property=\"og:image\" content=\"https:\/\/caminhodasaguas.org.br\/vida\/wp-content\/uploads\/sites\/5\/2022\/09\/conversando-3-flyer.png\" \/>\n\t<meta property=\"og:image:width\" content=\"940\" \/>\n\t<meta property=\"og:image:height\" content=\"788\" \/>\n\t<meta property=\"og:image:type\" content=\"image\/png\" \/>\n<meta name=\"author\" content=\"Netuno\" \/>\n<meta name=\"twitter:card\" content=\"summary_large_image\" \/>\n<meta name=\"twitter:creator\" content=\"@caminhodasaguas\" \/>\n<meta name=\"twitter:site\" content=\"@caminhodasaguas\" \/>\n<meta name=\"twitter:label1\" content=\"Escrito por\" \/>\n\t<meta name=\"twitter:data1\" content=\"Netuno\" \/>\n\t<meta name=\"twitter:label2\" content=\"Est. tempo de leitura\" \/>\n\t<meta name=\"twitter:data2\" content=\"2 minutos\" \/>\n<script type=\"application\/ld+json\" class=\"yoast-schema-graph\">{\"@context\":\"https:\/\/schema.org\",\"@graph\":[{\"@type\":\"Article\",\"@id\":\"https:\/\/caminhodasaguas.org.br\/vida\/planos-de-bacia-hidrografica-na-recuperacao-e-preservacao-das-aguas-e-florestas\/#article\",\"isPartOf\":{\"@id\":\"https:\/\/caminhodasaguas.org.br\/vida\/planos-de-bacia-hidrografica-na-recuperacao-e-preservacao-das-aguas-e-florestas\/\"},\"author\":{\"name\":\"Netuno\",\"@id\":\"https:\/\/caminhodasaguas.org.br\/vida\/#\/schema\/person\/4c4f4143eceaa9dbbbe513c2e83ba768\"},\"headline\":\"Planos de Bacia Hidrogr\u00e1fica na recupera\u00e7\u00e3o e preserva\u00e7\u00e3o das \u00e1guas e florestas &#8211; \u00c1GUA, PRA QU\u00ca TE QUERO? #003\",\"datePublished\":\"2022-09-16T14:37:30+00:00\",\"dateModified\":\"2023-04-14T19:25:01+00:00\",\"mainEntityOfPage\":{\"@id\":\"https:\/\/caminhodasaguas.org.br\/vida\/planos-de-bacia-hidrografica-na-recuperacao-e-preservacao-das-aguas-e-florestas\/\"},\"wordCount\":219,\"publisher\":{\"@id\":\"https:\/\/caminhodasaguas.org.br\/vida\/#organization\"},\"image\":{\"@id\":\"https:\/\/caminhodasaguas.org.br\/vida\/planos-de-bacia-hidrografica-na-recuperacao-e-preservacao-das-aguas-e-florestas\/#primaryimage\"},\"thumbnailUrl\":\"https:\/\/caminhodasaguas.org.br\/vida\/wp-content\/uploads\/sites\/5\/2022\/09\/conversando-3-flyer.png\",\"keywords\":[\"\u00e1guas\",\"Direitos da Natureza\",\"Direitos Humanos\",\"florestas\",\"Planos de Bacia Hidrogr\u00e1fica\",\"preserva\u00e7\u00e3o\",\"recupera\u00e7\u00e3o ambiental\",\"recursos h\u00eddricos\"],\"articleSection\":[\"Conversas\"],\"inLanguage\":\"pt-BR\"},{\"@type\":\"WebPage\",\"@id\":\"https:\/\/caminhodasaguas.org.br\/vida\/planos-de-bacia-hidrografica-na-recuperacao-e-preservacao-das-aguas-e-florestas\/\",\"url\":\"https:\/\/caminhodasaguas.org.br\/vida\/planos-de-bacia-hidrografica-na-recuperacao-e-preservacao-das-aguas-e-florestas\/\",\"name\":\"Planos de Bacia e Preserva\u00e7\u00e3o - Conversando com as \u00c1guas\",\"isPartOf\":{\"@id\":\"https:\/\/caminhodasaguas.org.br\/vida\/#website\"},\"primaryImageOfPage\":{\"@id\":\"https:\/\/caminhodasaguas.org.br\/vida\/planos-de-bacia-hidrografica-na-recuperacao-e-preservacao-das-aguas-e-florestas\/#primaryimage\"},\"image\":{\"@id\":\"https:\/\/caminhodasaguas.org.br\/vida\/planos-de-bacia-hidrografica-na-recuperacao-e-preservacao-das-aguas-e-florestas\/#primaryimage\"},\"thumbnailUrl\":\"https:\/\/caminhodasaguas.org.br\/vida\/wp-content\/uploads\/sites\/5\/2022\/09\/conversando-3-flyer.png\",\"datePublished\":\"2022-09-16T14:37:30+00:00\",\"dateModified\":\"2023-04-14T19:25:01+00:00\",\"description\":\"Os Direitos da Natureza nos Planos de Bacia Hidrogr\u00e1fica e a recupera\u00e7\u00e3o e preserva\u00e7\u00e3o das nossas \u00e1guas e florestas\",\"breadcrumb\":{\"@id\":\"https:\/\/caminhodasaguas.org.br\/vida\/planos-de-bacia-hidrografica-na-recuperacao-e-preservacao-das-aguas-e-florestas\/#breadcrumb\"},\"inLanguage\":\"pt-BR\",\"potentialAction\":[{\"@type\":\"ReadAction\",\"target\":[\"https:\/\/caminhodasaguas.org.br\/vida\/planos-de-bacia-hidrografica-na-recuperacao-e-preservacao-das-aguas-e-florestas\/\"]}]},{\"@type\":\"ImageObject\",\"inLanguage\":\"pt-BR\",\"@id\":\"https:\/\/caminhodasaguas.org.br\/vida\/planos-de-bacia-hidrografica-na-recuperacao-e-preservacao-das-aguas-e-florestas\/#primaryimage\",\"url\":\"https:\/\/caminhodasaguas.org.br\/vida\/wp-content\/uploads\/sites\/5\/2022\/09\/conversando-3-flyer.png\",\"contentUrl\":\"https:\/\/caminhodasaguas.org.br\/vida\/wp-content\/uploads\/sites\/5\/2022\/09\/conversando-3-flyer.png\",\"width\":940,\"height\":788},{\"@type\":\"BreadcrumbList\",\"@id\":\"https:\/\/caminhodasaguas.org.br\/vida\/planos-de-bacia-hidrografica-na-recuperacao-e-preservacao-das-aguas-e-florestas\/#breadcrumb\",\"itemListElement\":[{\"@type\":\"ListItem\",\"position\":1,\"name\":\"In\u00edcio\",\"item\":\"https:\/\/caminhodasaguas.org.br\/vida\/\"},{\"@type\":\"ListItem\",\"position\":2,\"name\":\"Planos de Bacia Hidrogr\u00e1fica na recupera\u00e7\u00e3o e preserva\u00e7\u00e3o das \u00e1guas e florestas &#8211; \u00c1GUA, PRA QU\u00ca TE QUERO? #003\"}]},{\"@type\":\"WebSite\",\"@id\":\"https:\/\/caminhodasaguas.org.br\/vida\/#website\",\"url\":\"https:\/\/caminhodasaguas.org.br\/vida\/\",\"name\":\"Conversando com as \u00c1guas\",\"description\":\"Amamos morar neste planeta abundante porque nele nunca falta \u00e1gua\",\"publisher\":{\"@id\":\"https:\/\/caminhodasaguas.org.br\/vida\/#organization\"},\"potentialAction\":[{\"@type\":\"SearchAction\",\"target\":{\"@type\":\"EntryPoint\",\"urlTemplate\":\"https:\/\/caminhodasaguas.org.br\/vida\/?s={search_term_string}\"},\"query-input\":{\"@type\":\"PropertyValueSpecification\",\"valueRequired\":true,\"valueName\":\"search_term_string\"}}],\"inLanguage\":\"pt-BR\"},{\"@type\":\"Organization\",\"@id\":\"https:\/\/caminhodasaguas.org.br\/vida\/#organization\",\"name\":\"ONG Caminho das \u00c1guas\",\"url\":\"https:\/\/caminhodasaguas.org.br\/vida\/\",\"logo\":{\"@type\":\"ImageObject\",\"inLanguage\":\"pt-BR\",\"@id\":\"https:\/\/caminhodasaguas.org.br\/vida\/#\/schema\/logo\/image\/\",\"url\":\"https:\/\/caminhodasaguas.org.br\/vida\/wp-content\/uploads\/sites\/5\/2022\/09\/logo-ch2o_500px.png\",\"contentUrl\":\"https:\/\/caminhodasaguas.org.br\/vida\/wp-content\/uploads\/sites\/5\/2022\/09\/logo-ch2o_500px.png\",\"width\":500,\"height\":500,\"caption\":\"ONG Caminho das \u00c1guas\"},\"image\":{\"@id\":\"https:\/\/caminhodasaguas.org.br\/vida\/#\/schema\/logo\/image\/\"},\"sameAs\":[\"https:\/\/facebook.com\/caminhodasaguas\",\"https:\/\/x.com\/caminhodasaguas\",\"https:\/\/instagram.com\/caminhoh2o\",\"https:\/\/www.linkedin.com\/company\/ong-caminho-das-guas\"]},{\"@type\":\"Person\",\"@id\":\"https:\/\/caminhodasaguas.org.br\/vida\/#\/schema\/person\/4c4f4143eceaa9dbbbe513c2e83ba768\",\"name\":\"Netuno\",\"image\":{\"@type\":\"ImageObject\",\"inLanguage\":\"pt-BR\",\"@id\":\"https:\/\/caminhodasaguas.org.br\/vida\/#\/schema\/person\/image\/\",\"url\":\"https:\/\/secure.gravatar.com\/avatar\/1cf0626080881652ef4054ade0e09bec5cd63d7128e3e12b02f3713009d8e8df?s=96&d=mm&r=g\",\"contentUrl\":\"https:\/\/secure.gravatar.com\/avatar\/1cf0626080881652ef4054ade0e09bec5cd63d7128e3e12b02f3713009d8e8df?s=96&d=mm&r=g\",\"caption\":\"Netuno\"}}]}<\/script>\n<!-- \/ Yoast SEO plugin. -->","yoast_head_json":{"title":"Planos de Bacia e Preserva\u00e7\u00e3o - Conversando com as \u00c1guas","description":"Os Direitos da Natureza nos Planos de Bacia Hidrogr\u00e1fica e a recupera\u00e7\u00e3o e preserva\u00e7\u00e3o das nossas \u00e1guas e florestas","robots":{"index":"index","follow":"follow","max-snippet":"max-snippet:-1","max-image-preview":"max-image-preview:large","max-video-preview":"max-video-preview:-1"},"canonical":"https:\/\/caminhodasaguas.org.br\/vida\/planos-de-bacia-hidrografica-na-recuperacao-e-preservacao-das-aguas-e-florestas\/","og_locale":"pt_BR","og_type":"article","og_title":"Planos de Bacia e Preserva\u00e7\u00e3o - Conversando com as \u00c1guas","og_description":"Os Direitos da Natureza nos Planos de Bacia Hidrogr\u00e1fica e a recupera\u00e7\u00e3o e preserva\u00e7\u00e3o das nossas \u00e1guas e florestas","og_url":"https:\/\/caminhodasaguas.org.br\/vida\/planos-de-bacia-hidrografica-na-recuperacao-e-preservacao-das-aguas-e-florestas\/","og_site_name":"Conversando com as \u00c1guas","article_publisher":"https:\/\/facebook.com\/caminhodasaguas","article_published_time":"2022-09-16T14:37:30+00:00","article_modified_time":"2023-04-14T19:25:01+00:00","og_image":[{"width":940,"height":788,"url":"https:\/\/caminhodasaguas.org.br\/vida\/wp-content\/uploads\/sites\/5\/2022\/09\/conversando-3-flyer.png","type":"image\/png"}],"author":"Netuno","twitter_card":"summary_large_image","twitter_creator":"@caminhodasaguas","twitter_site":"@caminhodasaguas","twitter_misc":{"Escrito por":"Netuno","Est. tempo de leitura":"2 minutos"},"schema":{"@context":"https:\/\/schema.org","@graph":[{"@type":"Article","@id":"https:\/\/caminhodasaguas.org.br\/vida\/planos-de-bacia-hidrografica-na-recuperacao-e-preservacao-das-aguas-e-florestas\/#article","isPartOf":{"@id":"https:\/\/caminhodasaguas.org.br\/vida\/planos-de-bacia-hidrografica-na-recuperacao-e-preservacao-das-aguas-e-florestas\/"},"author":{"name":"Netuno","@id":"https:\/\/caminhodasaguas.org.br\/vida\/#\/schema\/person\/4c4f4143eceaa9dbbbe513c2e83ba768"},"headline":"Planos de Bacia Hidrogr\u00e1fica na recupera\u00e7\u00e3o e preserva\u00e7\u00e3o das \u00e1guas e florestas &#8211; \u00c1GUA, PRA QU\u00ca TE QUERO? #003","datePublished":"2022-09-16T14:37:30+00:00","dateModified":"2023-04-14T19:25:01+00:00","mainEntityOfPage":{"@id":"https:\/\/caminhodasaguas.org.br\/vida\/planos-de-bacia-hidrografica-na-recuperacao-e-preservacao-das-aguas-e-florestas\/"},"wordCount":219,"publisher":{"@id":"https:\/\/caminhodasaguas.org.br\/vida\/#organization"},"image":{"@id":"https:\/\/caminhodasaguas.org.br\/vida\/planos-de-bacia-hidrografica-na-recuperacao-e-preservacao-das-aguas-e-florestas\/#primaryimage"},"thumbnailUrl":"https:\/\/caminhodasaguas.org.br\/vida\/wp-content\/uploads\/sites\/5\/2022\/09\/conversando-3-flyer.png","keywords":["\u00e1guas","Direitos da Natureza","Direitos Humanos","florestas","Planos de Bacia Hidrogr\u00e1fica","preserva\u00e7\u00e3o","recupera\u00e7\u00e3o ambiental","recursos h\u00eddricos"],"articleSection":["Conversas"],"inLanguage":"pt-BR"},{"@type":"WebPage","@id":"https:\/\/caminhodasaguas.org.br\/vida\/planos-de-bacia-hidrografica-na-recuperacao-e-preservacao-das-aguas-e-florestas\/","url":"https:\/\/caminhodasaguas.org.br\/vida\/planos-de-bacia-hidrografica-na-recuperacao-e-preservacao-das-aguas-e-florestas\/","name":"Planos de Bacia e Preserva\u00e7\u00e3o - Conversando com as \u00c1guas","isPartOf":{"@id":"https:\/\/caminhodasaguas.org.br\/vida\/#website"},"primaryImageOfPage":{"@id":"https:\/\/caminhodasaguas.org.br\/vida\/planos-de-bacia-hidrografica-na-recuperacao-e-preservacao-das-aguas-e-florestas\/#primaryimage"},"image":{"@id":"https:\/\/caminhodasaguas.org.br\/vida\/planos-de-bacia-hidrografica-na-recuperacao-e-preservacao-das-aguas-e-florestas\/#primaryimage"},"thumbnailUrl":"https:\/\/caminhodasaguas.org.br\/vida\/wp-content\/uploads\/sites\/5\/2022\/09\/conversando-3-flyer.png","datePublished":"2022-09-16T14:37:30+00:00","dateModified":"2023-04-14T19:25:01+00:00","description":"Os Direitos da Natureza nos Planos de Bacia Hidrogr\u00e1fica e a recupera\u00e7\u00e3o e preserva\u00e7\u00e3o das nossas \u00e1guas e florestas","breadcrumb":{"@id":"https:\/\/caminhodasaguas.org.br\/vida\/planos-de-bacia-hidrografica-na-recuperacao-e-preservacao-das-aguas-e-florestas\/#breadcrumb"},"inLanguage":"pt-BR","potentialAction":[{"@type":"ReadAction","target":["https:\/\/caminhodasaguas.org.br\/vida\/planos-de-bacia-hidrografica-na-recuperacao-e-preservacao-das-aguas-e-florestas\/"]}]},{"@type":"ImageObject","inLanguage":"pt-BR","@id":"https:\/\/caminhodasaguas.org.br\/vida\/planos-de-bacia-hidrografica-na-recuperacao-e-preservacao-das-aguas-e-florestas\/#primaryimage","url":"https:\/\/caminhodasaguas.org.br\/vida\/wp-content\/uploads\/sites\/5\/2022\/09\/conversando-3-flyer.png","contentUrl":"https:\/\/caminhodasaguas.org.br\/vida\/wp-content\/uploads\/sites\/5\/2022\/09\/conversando-3-flyer.png","width":940,"height":788},{"@type":"BreadcrumbList","@id":"https:\/\/caminhodasaguas.org.br\/vida\/planos-de-bacia-hidrografica-na-recuperacao-e-preservacao-das-aguas-e-florestas\/#breadcrumb","itemListElement":[{"@type":"ListItem","position":1,"name":"In\u00edcio","item":"https:\/\/caminhodasaguas.org.br\/vida\/"},{"@type":"ListItem","position":2,"name":"Planos de Bacia Hidrogr\u00e1fica na recupera\u00e7\u00e3o e preserva\u00e7\u00e3o das \u00e1guas e florestas &#8211; \u00c1GUA, PRA QU\u00ca TE QUERO? #003"}]},{"@type":"WebSite","@id":"https:\/\/caminhodasaguas.org.br\/vida\/#website","url":"https:\/\/caminhodasaguas.org.br\/vida\/","name":"Conversando com as \u00c1guas","description":"Amamos morar neste planeta abundante porque nele nunca falta \u00e1gua","publisher":{"@id":"https:\/\/caminhodasaguas.org.br\/vida\/#organization"},"potentialAction":[{"@type":"SearchAction","target":{"@type":"EntryPoint","urlTemplate":"https:\/\/caminhodasaguas.org.br\/vida\/?s={search_term_string}"},"query-input":{"@type":"PropertyValueSpecification","valueRequired":true,"valueName":"search_term_string"}}],"inLanguage":"pt-BR"},{"@type":"Organization","@id":"https:\/\/caminhodasaguas.org.br\/vida\/#organization","name":"ONG Caminho das \u00c1guas","url":"https:\/\/caminhodasaguas.org.br\/vida\/","logo":{"@type":"ImageObject","inLanguage":"pt-BR","@id":"https:\/\/caminhodasaguas.org.br\/vida\/#\/schema\/logo\/image\/","url":"https:\/\/caminhodasaguas.org.br\/vida\/wp-content\/uploads\/sites\/5\/2022\/09\/logo-ch2o_500px.png","contentUrl":"https:\/\/caminhodasaguas.org.br\/vida\/wp-content\/uploads\/sites\/5\/2022\/09\/logo-ch2o_500px.png","width":500,"height":500,"caption":"ONG Caminho das \u00c1guas"},"image":{"@id":"https:\/\/caminhodasaguas.org.br\/vida\/#\/schema\/logo\/image\/"},"sameAs":["https:\/\/facebook.com\/caminhodasaguas","https:\/\/x.com\/caminhodasaguas","https:\/\/instagram.com\/caminhoh2o","https:\/\/www.linkedin.com\/company\/ong-caminho-das-guas"]},{"@type":"Person","@id":"https:\/\/caminhodasaguas.org.br\/vida\/#\/schema\/person\/4c4f4143eceaa9dbbbe513c2e83ba768","name":"Netuno","image":{"@type":"ImageObject","inLanguage":"pt-BR","@id":"https:\/\/caminhodasaguas.org.br\/vida\/#\/schema\/person\/image\/","url":"https:\/\/secure.gravatar.com\/avatar\/1cf0626080881652ef4054ade0e09bec5cd63d7128e3e12b02f3713009d8e8df?s=96&d=mm&r=g","contentUrl":"https:\/\/secure.gravatar.com\/avatar\/1cf0626080881652ef4054ade0e09bec5cd63d7128e3e12b02f3713009d8e8df?s=96&d=mm&r=g","caption":"Netuno"}}]}},"_links":{"self":[{"href":"https:\/\/caminhodasaguas.org.br\/vida\/wp-json\/wp\/v2\/posts\/134","targetHints":{"allow":["GET"]}}],"collection":[{"href":"https:\/\/caminhodasaguas.org.br\/vida\/wp-json\/wp\/v2\/posts"}],"about":[{"href":"https:\/\/caminhodasaguas.org.br\/vida\/wp-json\/wp\/v2\/types\/post"}],"author":[{"embeddable":true,"href":"https:\/\/caminhodasaguas.org.br\/vida\/wp-json\/wp\/v2\/users\/1"}],"replies":[{"embeddable":true,"href":"https:\/\/caminhodasaguas.org.br\/vida\/wp-json\/wp\/v2\/comments?post=134"}],"version-history":[{"count":13,"href":"https:\/\/caminhodasaguas.org.br\/vida\/wp-json\/wp\/v2\/posts\/134\/revisions"}],"predecessor-version":[{"id":233,"href":"https:\/\/caminhodasaguas.org.br\/vida\/wp-json\/wp\/v2\/posts\/134\/revisions\/233"}],"wp:featuredmedia":[{"embeddable":true,"href":"https:\/\/caminhodasaguas.org.br\/vida\/wp-json\/wp\/v2\/media\/135"}],"wp:attachment":[{"href":"https:\/\/caminhodasaguas.org.br\/vida\/wp-json\/wp\/v2\/media?parent=134"}],"wp:term":[{"taxonomy":"category","embeddable":true,"href":"https:\/\/caminhodasaguas.org.br\/vida\/wp-json\/wp\/v2\/categories?post=134"},{"taxonomy":"post_tag","embeddable":true,"href":"https:\/\/caminhodasaguas.org.br\/vida\/wp-json\/wp\/v2\/tags?post=134"}],"curies":[{"name":"wp","href":"https:\/\/api.w.org\/{rel}","templated":true}]}}