{"id":214,"date":"2023-03-29T13:44:01","date_gmt":"2023-03-29T16:44:01","guid":{"rendered":"https:\/\/caminhodasaguas.org.br\/vida\/?p=214"},"modified":"2025-08-15T13:48:52","modified_gmt":"2025-08-15T16:48:52","slug":"pequenas-centrais-hidreletricas-e-a-seguranca-hidrica-no-rio-pardo-sp","status":"publish","type":"post","link":"https:\/\/caminhodasaguas.org.br\/vida\/pequenas-centrais-hidreletricas-e-a-seguranca-hidrica-no-rio-pardo-sp\/","title":{"rendered":"Pequenas Centrais Hidrel\u00e9tricas e a Seguran\u00e7a H\u00eddrica no Rio Pardo #004"},"content":{"rendered":"<p>Neste encontro, o Professor Doutor Edson Lu\u00eds Piroli, professor Livre Docente da UNESP &#8211; Campus Ourinhos\/SP e ativo na prote\u00e7\u00e3o e conserva\u00e7\u00e3o da Bacia Hidrogr\u00e1fica do Rio Pardo, pertencente \u00e0 UGRHI M\u00e9dio Paranapanema, no Estado de S\u00e3o Paulo, \u00e9 nosso convidado especial para conversarmos sobre as iniciativas propostas para a seguran\u00e7a h\u00eddrica da bacia.<\/p>\n<p>Durante a conversa, foram apresentados registros das atividades j\u00e1 realizadas e discutidos os pr\u00f3ximos passos para garantir a disponibilidade de \u00e1gua no futuro.<\/p>\n<p>N\u00e3o perca essa oportunidade de aprender mais sobre a import\u00e2ncia da conserva\u00e7\u00e3o dos recursos h\u00eddricos e a\u00e7\u00f5es pr\u00e1ticas para proteger o meio ambiente. Inscreva-se no canal e acompanhe nossas novidades!<\/p>\n<p>&nbsp;<\/p>\n<div class=\"video-container\"><iframe title=\"Conversando com as \u00c1guas - PCHs e a Seguran\u00e7a H\u00eddrica no Rio Pardo - \u00c1GUA, PRA QU\u00ca TE QUERO? #005\" width=\"740\" height=\"416\" src=\"https:\/\/www.youtube.com\/embed\/W9apusLYvPg?feature=oembed\" frameborder=\"0\" allow=\"accelerometer; autoplay; clipboard-write; encrypted-media; gyroscope; picture-in-picture; web-share\" referrerpolicy=\"strict-origin-when-cross-origin\" allowfullscreen><\/iframe><\/div>\n<p><a href=\"https:\/\/www.youtube.com\/watch?v=W9apusLYvPg\">Deixe o like!<\/a><br \/>\n<a href=\"https:\/\/www.youtube.com\/watch?v=W9apusLYvPg\">Se inscreva!<\/a><br \/>\n<a href=\"https:\/\/www.youtube.com\/watch?v=W9apusLYvPg\">Ative o sino!<\/a><\/p>\n<p>Saiba mais: <a href=\"https:\/\/vai.aguas.cc\/vida\" target=\"_blank\" rel=\"noopener\">https:\/\/vai.aguas.cc\/vida<\/a><br \/>\nE mais: <a href=\"https:\/\/agenda.aguas.bio.br\" target=\"_blank\" rel=\"noopener\">https:\/\/agenda.aguas.bio.br<\/a><\/p>\n<p>Redes sociais:<br \/>\nInstagram: <a href=\"https:\/\/instagram.com\/ongcaminhodasaguas\" target=\"_blank\" rel=\"noopener\">@ongcaminhodasaguas<\/a><br \/>\nTwitter: <a href=\"https:\/\/twitter.com\/caminhodasaguas\" target=\"_blank\" rel=\"noopener\">@caminhodasaguas<\/a><\/p>\n<p>&nbsp;<\/p>\n<p>&nbsp;<\/p>\n","protected":false},"excerpt":{"rendered":"<p>Neste encontro, o Professor Doutor Edson Lu\u00eds Piroli, professor Livre Docente da UNESP &#8211; Campus Ourinhos\/SP e ativo na prote\u00e7\u00e3o e conserva\u00e7\u00e3o da Bacia Hidrogr\u00e1fica do Rio Pardo, pertencente \u00e0 UGRHI M\u00e9dio Paranapanema, no Estado de S\u00e3o Paulo, \u00e9 nosso convidado especial para conversarmos sobre as iniciativas propostas para a seguran\u00e7a h\u00eddrica da bacia. Durante&#46;&#46;&#46;<\/p>\n","protected":false},"author":1,"featured_media":6,"comment_status":"closed","ping_status":"open","sticky":false,"template":"","format":"standard","meta":{"footnotes":""},"categories":[7],"tags":[51,50,49,5],"class_list":["post-214","post","type-post","status-publish","format-standard","has-post-thumbnail","hentry","category-conversas","tag-pch","tag-pequenas-centrais-hidreletricas","tag-rio-pardo","tag-seguranca-hidrica"],"yoast_head":"<!-- This site is optimized with the Yoast SEO plugin v27.0 - https:\/\/yoast.com\/product\/yoast-seo-wordpress\/ -->\n<title>Pequenas Centrais Hidrel\u00e9tricas e a Seguran\u00e7a H\u00eddrica no Rio Pardo #004 - Conversando com as \u00c1guas<\/title>\n<meta name=\"description\" content=\"Conversando com as \u00e1guas, porque eu amo morar neste planeta abundante porque nele nunca falta \u00e1gua\" \/>\n<meta name=\"robots\" content=\"index, follow, max-snippet:-1, max-image-preview:large, max-video-preview:-1\" \/>\n<link rel=\"canonical\" href=\"https:\/\/caminhodasaguas.org.br\/vida\/pequenas-centrais-hidreletricas-e-a-seguranca-hidrica-no-rio-pardo-sp\/\" \/>\n<meta property=\"og:locale\" content=\"pt_BR\" \/>\n<meta property=\"og:type\" content=\"article\" \/>\n<meta property=\"og:title\" content=\"Pequenas Centrais Hidrel\u00e9tricas e a Seguran\u00e7a H\u00eddrica no Rio Pardo #004 - Conversando com as \u00c1guas\" \/>\n<meta property=\"og:description\" content=\"Conversando com as \u00e1guas, porque eu amo morar neste planeta abundante porque nele nunca falta \u00e1gua\" \/>\n<meta property=\"og:url\" content=\"https:\/\/caminhodasaguas.org.br\/vida\/pequenas-centrais-hidreletricas-e-a-seguranca-hidrica-no-rio-pardo-sp\/\" \/>\n<meta property=\"og:site_name\" content=\"Conversando com as \u00c1guas\" \/>\n<meta property=\"article:publisher\" content=\"https:\/\/facebook.com\/caminhodasaguas\" \/>\n<meta property=\"article:published_time\" content=\"2023-03-29T16:44:01+00:00\" \/>\n<meta property=\"article:modified_time\" content=\"2025-08-15T16:48:52+00:00\" \/>\n<meta property=\"og:image\" content=\"https:\/\/caminhodasaguas.org.br\/vida\/wp-content\/uploads\/sites\/5\/2021\/09\/aguasml-conversas-sobre-seguranca-hidrica-e-territorios-biorregionais-agua-te-quiero-1152x648-1.png\" \/>\n\t<meta property=\"og:image:width\" content=\"1152\" \/>\n\t<meta property=\"og:image:height\" content=\"648\" \/>\n\t<meta property=\"og:image:type\" content=\"image\/png\" \/>\n<meta name=\"author\" content=\"Netuno\" \/>\n<meta name=\"twitter:card\" content=\"summary_large_image\" \/>\n<meta name=\"twitter:creator\" content=\"@caminhodasaguas\" \/>\n<meta name=\"twitter:site\" content=\"@caminhodasaguas\" \/>\n<meta name=\"twitter:label1\" content=\"Escrito por\" \/>\n\t<meta name=\"twitter:data1\" content=\"Netuno\" \/>\n\t<meta name=\"twitter:label2\" content=\"Est. tempo de leitura\" \/>\n\t<meta name=\"twitter:data2\" content=\"1 minuto\" \/>\n<script type=\"application\/ld+json\" class=\"yoast-schema-graph\">{\"@context\":\"https:\/\/schema.org\",\"@graph\":[{\"@type\":\"Article\",\"@id\":\"https:\/\/caminhodasaguas.org.br\/vida\/pequenas-centrais-hidreletricas-e-a-seguranca-hidrica-no-rio-pardo-sp\/#article\",\"isPartOf\":{\"@id\":\"https:\/\/caminhodasaguas.org.br\/vida\/pequenas-centrais-hidreletricas-e-a-seguranca-hidrica-no-rio-pardo-sp\/\"},\"author\":{\"name\":\"Netuno\",\"@id\":\"https:\/\/caminhodasaguas.org.br\/vida\/#\/schema\/person\/4c4f4143eceaa9dbbbe513c2e83ba768\"},\"headline\":\"Pequenas Centrais Hidrel\u00e9tricas e a Seguran\u00e7a H\u00eddrica no Rio Pardo #004\",\"datePublished\":\"2023-03-29T16:44:01+00:00\",\"dateModified\":\"2025-08-15T16:48:52+00:00\",\"mainEntityOfPage\":{\"@id\":\"https:\/\/caminhodasaguas.org.br\/vida\/pequenas-centrais-hidreletricas-e-a-seguranca-hidrica-no-rio-pardo-sp\/\"},\"wordCount\":175,\"publisher\":{\"@id\":\"https:\/\/caminhodasaguas.org.br\/vida\/#organization\"},\"image\":{\"@id\":\"https:\/\/caminhodasaguas.org.br\/vida\/pequenas-centrais-hidreletricas-e-a-seguranca-hidrica-no-rio-pardo-sp\/#primaryimage\"},\"thumbnailUrl\":\"https:\/\/caminhodasaguas.org.br\/vida\/wp-content\/uploads\/sites\/5\/2021\/09\/aguasml-conversas-sobre-seguranca-hidrica-e-territorios-biorregionais-agua-te-quiero-1152x648-1.png\",\"keywords\":[\"PCH\",\"Pequenas Centrais Hidrel\u00e9tricas\",\"Rio Pardo\",\"seguran\u00e7a h\u00eddrica\"],\"articleSection\":[\"Conversas\"],\"inLanguage\":\"pt-BR\"},{\"@type\":\"WebPage\",\"@id\":\"https:\/\/caminhodasaguas.org.br\/vida\/pequenas-centrais-hidreletricas-e-a-seguranca-hidrica-no-rio-pardo-sp\/\",\"url\":\"https:\/\/caminhodasaguas.org.br\/vida\/pequenas-centrais-hidreletricas-e-a-seguranca-hidrica-no-rio-pardo-sp\/\",\"name\":\"Pequenas Centrais Hidrel\u00e9tricas e a Seguran\u00e7a H\u00eddrica no Rio Pardo #004 - Conversando com as \u00c1guas\",\"isPartOf\":{\"@id\":\"https:\/\/caminhodasaguas.org.br\/vida\/#website\"},\"primaryImageOfPage\":{\"@id\":\"https:\/\/caminhodasaguas.org.br\/vida\/pequenas-centrais-hidreletricas-e-a-seguranca-hidrica-no-rio-pardo-sp\/#primaryimage\"},\"image\":{\"@id\":\"https:\/\/caminhodasaguas.org.br\/vida\/pequenas-centrais-hidreletricas-e-a-seguranca-hidrica-no-rio-pardo-sp\/#primaryimage\"},\"thumbnailUrl\":\"https:\/\/caminhodasaguas.org.br\/vida\/wp-content\/uploads\/sites\/5\/2021\/09\/aguasml-conversas-sobre-seguranca-hidrica-e-territorios-biorregionais-agua-te-quiero-1152x648-1.png\",\"datePublished\":\"2023-03-29T16:44:01+00:00\",\"dateModified\":\"2025-08-15T16:48:52+00:00\",\"description\":\"Conversando com as \u00e1guas, porque eu amo morar neste planeta abundante porque nele nunca falta \u00e1gua\",\"breadcrumb\":{\"@id\":\"https:\/\/caminhodasaguas.org.br\/vida\/pequenas-centrais-hidreletricas-e-a-seguranca-hidrica-no-rio-pardo-sp\/#breadcrumb\"},\"inLanguage\":\"pt-BR\",\"potentialAction\":[{\"@type\":\"ReadAction\",\"target\":[\"https:\/\/caminhodasaguas.org.br\/vida\/pequenas-centrais-hidreletricas-e-a-seguranca-hidrica-no-rio-pardo-sp\/\"]}]},{\"@type\":\"ImageObject\",\"inLanguage\":\"pt-BR\",\"@id\":\"https:\/\/caminhodasaguas.org.br\/vida\/pequenas-centrais-hidreletricas-e-a-seguranca-hidrica-no-rio-pardo-sp\/#primaryimage\",\"url\":\"https:\/\/caminhodasaguas.org.br\/vida\/wp-content\/uploads\/sites\/5\/2021\/09\/aguasml-conversas-sobre-seguranca-hidrica-e-territorios-biorregionais-agua-te-quiero-1152x648-1.png\",\"contentUrl\":\"https:\/\/caminhodasaguas.org.br\/vida\/wp-content\/uploads\/sites\/5\/2021\/09\/aguasml-conversas-sobre-seguranca-hidrica-e-territorios-biorregionais-agua-te-quiero-1152x648-1.png\",\"width\":1152,\"height\":648},{\"@type\":\"BreadcrumbList\",\"@id\":\"https:\/\/caminhodasaguas.org.br\/vida\/pequenas-centrais-hidreletricas-e-a-seguranca-hidrica-no-rio-pardo-sp\/#breadcrumb\",\"itemListElement\":[{\"@type\":\"ListItem\",\"position\":1,\"name\":\"In\u00edcio\",\"item\":\"https:\/\/caminhodasaguas.org.br\/vida\/\"},{\"@type\":\"ListItem\",\"position\":2,\"name\":\"Pequenas Centrais Hidrel\u00e9tricas e a Seguran\u00e7a H\u00eddrica no Rio Pardo #004\"}]},{\"@type\":\"WebSite\",\"@id\":\"https:\/\/caminhodasaguas.org.br\/vida\/#website\",\"url\":\"https:\/\/caminhodasaguas.org.br\/vida\/\",\"name\":\"Conversando com as \u00c1guas\",\"description\":\"Amamos morar neste planeta abundante porque nele nunca falta \u00e1gua\",\"publisher\":{\"@id\":\"https:\/\/caminhodasaguas.org.br\/vida\/#organization\"},\"potentialAction\":[{\"@type\":\"SearchAction\",\"target\":{\"@type\":\"EntryPoint\",\"urlTemplate\":\"https:\/\/caminhodasaguas.org.br\/vida\/?s={search_term_string}\"},\"query-input\":{\"@type\":\"PropertyValueSpecification\",\"valueRequired\":true,\"valueName\":\"search_term_string\"}}],\"inLanguage\":\"pt-BR\"},{\"@type\":\"Organization\",\"@id\":\"https:\/\/caminhodasaguas.org.br\/vida\/#organization\",\"name\":\"ONG Caminho das \u00c1guas\",\"url\":\"https:\/\/caminhodasaguas.org.br\/vida\/\",\"logo\":{\"@type\":\"ImageObject\",\"inLanguage\":\"pt-BR\",\"@id\":\"https:\/\/caminhodasaguas.org.br\/vida\/#\/schema\/logo\/image\/\",\"url\":\"https:\/\/caminhodasaguas.org.br\/vida\/wp-content\/uploads\/sites\/5\/2022\/09\/logo-ch2o_500px.png\",\"contentUrl\":\"https:\/\/caminhodasaguas.org.br\/vida\/wp-content\/uploads\/sites\/5\/2022\/09\/logo-ch2o_500px.png\",\"width\":500,\"height\":500,\"caption\":\"ONG Caminho das \u00c1guas\"},\"image\":{\"@id\":\"https:\/\/caminhodasaguas.org.br\/vida\/#\/schema\/logo\/image\/\"},\"sameAs\":[\"https:\/\/facebook.com\/caminhodasaguas\",\"https:\/\/x.com\/caminhodasaguas\",\"https:\/\/instagram.com\/caminhoh2o\",\"https:\/\/www.linkedin.com\/company\/ong-caminho-das-guas\"]},{\"@type\":\"Person\",\"@id\":\"https:\/\/caminhodasaguas.org.br\/vida\/#\/schema\/person\/4c4f4143eceaa9dbbbe513c2e83ba768\",\"name\":\"Netuno\",\"image\":{\"@type\":\"ImageObject\",\"inLanguage\":\"pt-BR\",\"@id\":\"https:\/\/caminhodasaguas.org.br\/vida\/#\/schema\/person\/image\/\",\"url\":\"https:\/\/secure.gravatar.com\/avatar\/1cf0626080881652ef4054ade0e09bec5cd63d7128e3e12b02f3713009d8e8df?s=96&d=mm&r=g\",\"contentUrl\":\"https:\/\/secure.gravatar.com\/avatar\/1cf0626080881652ef4054ade0e09bec5cd63d7128e3e12b02f3713009d8e8df?s=96&d=mm&r=g\",\"caption\":\"Netuno\"}}]}<\/script>\n<!-- \/ Yoast SEO plugin. -->","yoast_head_json":{"title":"Pequenas Centrais Hidrel\u00e9tricas e a Seguran\u00e7a H\u00eddrica no Rio Pardo #004 - Conversando com as \u00c1guas","description":"Conversando com as \u00e1guas, porque eu amo morar neste planeta abundante porque nele nunca falta \u00e1gua","robots":{"index":"index","follow":"follow","max-snippet":"max-snippet:-1","max-image-preview":"max-image-preview:large","max-video-preview":"max-video-preview:-1"},"canonical":"https:\/\/caminhodasaguas.org.br\/vida\/pequenas-centrais-hidreletricas-e-a-seguranca-hidrica-no-rio-pardo-sp\/","og_locale":"pt_BR","og_type":"article","og_title":"Pequenas Centrais Hidrel\u00e9tricas e a Seguran\u00e7a H\u00eddrica no Rio Pardo #004 - Conversando com as \u00c1guas","og_description":"Conversando com as \u00e1guas, porque eu amo morar neste planeta abundante porque nele nunca falta \u00e1gua","og_url":"https:\/\/caminhodasaguas.org.br\/vida\/pequenas-centrais-hidreletricas-e-a-seguranca-hidrica-no-rio-pardo-sp\/","og_site_name":"Conversando com as \u00c1guas","article_publisher":"https:\/\/facebook.com\/caminhodasaguas","article_published_time":"2023-03-29T16:44:01+00:00","article_modified_time":"2025-08-15T16:48:52+00:00","og_image":[{"width":1152,"height":648,"url":"https:\/\/caminhodasaguas.org.br\/vida\/wp-content\/uploads\/sites\/5\/2021\/09\/aguasml-conversas-sobre-seguranca-hidrica-e-territorios-biorregionais-agua-te-quiero-1152x648-1.png","type":"image\/png"}],"author":"Netuno","twitter_card":"summary_large_image","twitter_creator":"@caminhodasaguas","twitter_site":"@caminhodasaguas","twitter_misc":{"Escrito por":"Netuno","Est. tempo de leitura":"1 minuto"},"schema":{"@context":"https:\/\/schema.org","@graph":[{"@type":"Article","@id":"https:\/\/caminhodasaguas.org.br\/vida\/pequenas-centrais-hidreletricas-e-a-seguranca-hidrica-no-rio-pardo-sp\/#article","isPartOf":{"@id":"https:\/\/caminhodasaguas.org.br\/vida\/pequenas-centrais-hidreletricas-e-a-seguranca-hidrica-no-rio-pardo-sp\/"},"author":{"name":"Netuno","@id":"https:\/\/caminhodasaguas.org.br\/vida\/#\/schema\/person\/4c4f4143eceaa9dbbbe513c2e83ba768"},"headline":"Pequenas Centrais Hidrel\u00e9tricas e a Seguran\u00e7a H\u00eddrica no Rio Pardo #004","datePublished":"2023-03-29T16:44:01+00:00","dateModified":"2025-08-15T16:48:52+00:00","mainEntityOfPage":{"@id":"https:\/\/caminhodasaguas.org.br\/vida\/pequenas-centrais-hidreletricas-e-a-seguranca-hidrica-no-rio-pardo-sp\/"},"wordCount":175,"publisher":{"@id":"https:\/\/caminhodasaguas.org.br\/vida\/#organization"},"image":{"@id":"https:\/\/caminhodasaguas.org.br\/vida\/pequenas-centrais-hidreletricas-e-a-seguranca-hidrica-no-rio-pardo-sp\/#primaryimage"},"thumbnailUrl":"https:\/\/caminhodasaguas.org.br\/vida\/wp-content\/uploads\/sites\/5\/2021\/09\/aguasml-conversas-sobre-seguranca-hidrica-e-territorios-biorregionais-agua-te-quiero-1152x648-1.png","keywords":["PCH","Pequenas Centrais Hidrel\u00e9tricas","Rio Pardo","seguran\u00e7a h\u00eddrica"],"articleSection":["Conversas"],"inLanguage":"pt-BR"},{"@type":"WebPage","@id":"https:\/\/caminhodasaguas.org.br\/vida\/pequenas-centrais-hidreletricas-e-a-seguranca-hidrica-no-rio-pardo-sp\/","url":"https:\/\/caminhodasaguas.org.br\/vida\/pequenas-centrais-hidreletricas-e-a-seguranca-hidrica-no-rio-pardo-sp\/","name":"Pequenas Centrais Hidrel\u00e9tricas e a Seguran\u00e7a H\u00eddrica no Rio Pardo #004 - Conversando com as \u00c1guas","isPartOf":{"@id":"https:\/\/caminhodasaguas.org.br\/vida\/#website"},"primaryImageOfPage":{"@id":"https:\/\/caminhodasaguas.org.br\/vida\/pequenas-centrais-hidreletricas-e-a-seguranca-hidrica-no-rio-pardo-sp\/#primaryimage"},"image":{"@id":"https:\/\/caminhodasaguas.org.br\/vida\/pequenas-centrais-hidreletricas-e-a-seguranca-hidrica-no-rio-pardo-sp\/#primaryimage"},"thumbnailUrl":"https:\/\/caminhodasaguas.org.br\/vida\/wp-content\/uploads\/sites\/5\/2021\/09\/aguasml-conversas-sobre-seguranca-hidrica-e-territorios-biorregionais-agua-te-quiero-1152x648-1.png","datePublished":"2023-03-29T16:44:01+00:00","dateModified":"2025-08-15T16:48:52+00:00","description":"Conversando com as \u00e1guas, porque eu amo morar neste planeta abundante porque nele nunca falta \u00e1gua","breadcrumb":{"@id":"https:\/\/caminhodasaguas.org.br\/vida\/pequenas-centrais-hidreletricas-e-a-seguranca-hidrica-no-rio-pardo-sp\/#breadcrumb"},"inLanguage":"pt-BR","potentialAction":[{"@type":"ReadAction","target":["https:\/\/caminhodasaguas.org.br\/vida\/pequenas-centrais-hidreletricas-e-a-seguranca-hidrica-no-rio-pardo-sp\/"]}]},{"@type":"ImageObject","inLanguage":"pt-BR","@id":"https:\/\/caminhodasaguas.org.br\/vida\/pequenas-centrais-hidreletricas-e-a-seguranca-hidrica-no-rio-pardo-sp\/#primaryimage","url":"https:\/\/caminhodasaguas.org.br\/vida\/wp-content\/uploads\/sites\/5\/2021\/09\/aguasml-conversas-sobre-seguranca-hidrica-e-territorios-biorregionais-agua-te-quiero-1152x648-1.png","contentUrl":"https:\/\/caminhodasaguas.org.br\/vida\/wp-content\/uploads\/sites\/5\/2021\/09\/aguasml-conversas-sobre-seguranca-hidrica-e-territorios-biorregionais-agua-te-quiero-1152x648-1.png","width":1152,"height":648},{"@type":"BreadcrumbList","@id":"https:\/\/caminhodasaguas.org.br\/vida\/pequenas-centrais-hidreletricas-e-a-seguranca-hidrica-no-rio-pardo-sp\/#breadcrumb","itemListElement":[{"@type":"ListItem","position":1,"name":"In\u00edcio","item":"https:\/\/caminhodasaguas.org.br\/vida\/"},{"@type":"ListItem","position":2,"name":"Pequenas Centrais Hidrel\u00e9tricas e a Seguran\u00e7a H\u00eddrica no Rio Pardo #004"}]},{"@type":"WebSite","@id":"https:\/\/caminhodasaguas.org.br\/vida\/#website","url":"https:\/\/caminhodasaguas.org.br\/vida\/","name":"Conversando com as \u00c1guas","description":"Amamos morar neste planeta abundante porque nele nunca falta \u00e1gua","publisher":{"@id":"https:\/\/caminhodasaguas.org.br\/vida\/#organization"},"potentialAction":[{"@type":"SearchAction","target":{"@type":"EntryPoint","urlTemplate":"https:\/\/caminhodasaguas.org.br\/vida\/?s={search_term_string}"},"query-input":{"@type":"PropertyValueSpecification","valueRequired":true,"valueName":"search_term_string"}}],"inLanguage":"pt-BR"},{"@type":"Organization","@id":"https:\/\/caminhodasaguas.org.br\/vida\/#organization","name":"ONG Caminho das \u00c1guas","url":"https:\/\/caminhodasaguas.org.br\/vida\/","logo":{"@type":"ImageObject","inLanguage":"pt-BR","@id":"https:\/\/caminhodasaguas.org.br\/vida\/#\/schema\/logo\/image\/","url":"https:\/\/caminhodasaguas.org.br\/vida\/wp-content\/uploads\/sites\/5\/2022\/09\/logo-ch2o_500px.png","contentUrl":"https:\/\/caminhodasaguas.org.br\/vida\/wp-content\/uploads\/sites\/5\/2022\/09\/logo-ch2o_500px.png","width":500,"height":500,"caption":"ONG Caminho das \u00c1guas"},"image":{"@id":"https:\/\/caminhodasaguas.org.br\/vida\/#\/schema\/logo\/image\/"},"sameAs":["https:\/\/facebook.com\/caminhodasaguas","https:\/\/x.com\/caminhodasaguas","https:\/\/instagram.com\/caminhoh2o","https:\/\/www.linkedin.com\/company\/ong-caminho-das-guas"]},{"@type":"Person","@id":"https:\/\/caminhodasaguas.org.br\/vida\/#\/schema\/person\/4c4f4143eceaa9dbbbe513c2e83ba768","name":"Netuno","image":{"@type":"ImageObject","inLanguage":"pt-BR","@id":"https:\/\/caminhodasaguas.org.br\/vida\/#\/schema\/person\/image\/","url":"https:\/\/secure.gravatar.com\/avatar\/1cf0626080881652ef4054ade0e09bec5cd63d7128e3e12b02f3713009d8e8df?s=96&d=mm&r=g","contentUrl":"https:\/\/secure.gravatar.com\/avatar\/1cf0626080881652ef4054ade0e09bec5cd63d7128e3e12b02f3713009d8e8df?s=96&d=mm&r=g","caption":"Netuno"}}]}},"_links":{"self":[{"href":"https:\/\/caminhodasaguas.org.br\/vida\/wp-json\/wp\/v2\/posts\/214","targetHints":{"allow":["GET"]}}],"collection":[{"href":"https:\/\/caminhodasaguas.org.br\/vida\/wp-json\/wp\/v2\/posts"}],"about":[{"href":"https:\/\/caminhodasaguas.org.br\/vida\/wp-json\/wp\/v2\/types\/post"}],"author":[{"embeddable":true,"href":"https:\/\/caminhodasaguas.org.br\/vida\/wp-json\/wp\/v2\/users\/1"}],"replies":[{"embeddable":true,"href":"https:\/\/caminhodasaguas.org.br\/vida\/wp-json\/wp\/v2\/comments?post=214"}],"version-history":[{"count":5,"href":"https:\/\/caminhodasaguas.org.br\/vida\/wp-json\/wp\/v2\/posts\/214\/revisions"}],"predecessor-version":[{"id":236,"href":"https:\/\/caminhodasaguas.org.br\/vida\/wp-json\/wp\/v2\/posts\/214\/revisions\/236"}],"wp:featuredmedia":[{"embeddable":true,"href":"https:\/\/caminhodasaguas.org.br\/vida\/wp-json\/wp\/v2\/media\/6"}],"wp:attachment":[{"href":"https:\/\/caminhodasaguas.org.br\/vida\/wp-json\/wp\/v2\/media?parent=214"}],"wp:term":[{"taxonomy":"category","embeddable":true,"href":"https:\/\/caminhodasaguas.org.br\/vida\/wp-json\/wp\/v2\/categories?post=214"},{"taxonomy":"post_tag","embeddable":true,"href":"https:\/\/caminhodasaguas.org.br\/vida\/wp-json\/wp\/v2\/tags?post=214"}],"curies":[{"name":"wp","href":"https:\/\/api.w.org\/{rel}","templated":true}]}}