{"id":239,"date":"2023-05-01T18:13:41","date_gmt":"2023-05-01T21:13:41","guid":{"rendered":"https:\/\/caminhodasaguas.org.br\/vida\/?p=239"},"modified":"2023-05-01T21:17:12","modified_gmt":"2023-05-02T00:17:12","slug":"monitoramento-da-governanca-das-aguas-e-apropriacao-pelos-organismos-de-bacia-005","status":"publish","type":"post","link":"https:\/\/caminhodasaguas.org.br\/vida\/monitoramento-da-governanca-das-aguas-e-apropriacao-pelos-organismos-de-bacia-005\/","title":{"rendered":"Monitoramento da Governan\u00e7a das \u00c1guas e apropria\u00e7\u00e3o pelos organismos de bacia #005"},"content":{"rendered":"<p>Pensando na necessidade do monitoramento da Pol\u00edtica Nacional de Recursos H\u00eddricos, convidamos o Observat\u00f3rio de Governan\u00e7a das \u00c1guas (OGA) para o pr\u00f3ximo <strong>Conversando com as \u00c1guas, pra que te quero?<\/strong>.<\/p>\n<p>O OGA \u00e9 um instrumento independente, que articula uma rede de institui\u00e7\u00f5es e atores para produ\u00e7\u00e3o e dissemina\u00e7\u00e3o de informa\u00e7\u00f5es sobre a gest\u00e3o integrada e participativa dos recursos h\u00eddricos brasileiros (OGA) &#8211; prop\u00f5e o Protocolo de Monitoramento de Governan\u00e7a das \u00c1guas, que busca:<\/p>\n<ol>\n<li>promover o fortalecimento da governan\u00e7a dos recursos h\u00eddricos;<\/li>\n<li>colaborar para a implementa\u00e7\u00e3o de pol\u00edticas de seguran\u00e7a h\u00eddrica;<\/li>\n<li>consolidar instrumentos de gest\u00e3o &#8211; contribuindo diretamento para o ODS 6 e<\/li>\n<li>auxiliar na constru\u00e7\u00e3o de capacidades guiadas por uma vis\u00e3o sist\u00eamica e integrada dos recusos h\u00eddricos e suas inter-rela\u00e7\u00f5es.<\/li>\n<\/ol>\n<p>Nesta edi\u00e7\u00e3o, estar\u00e1 presente \u00c2ngelo Lima &#8211; Secret\u00e1rio Executivo do OGA, explanando sobre o Protocolo de Monitoramento de Governan\u00e7a das \u00c1guas e sua import\u00e2ncia para os organismos de bacia dentre os v\u00e1rios arranjos existentes no Brasil, de acordo com cada realidade local e regional.<\/p>\n<p style=\"text-align: center;\"><iframe title=\"YouTube video player\" src=\"https:\/\/www.youtube-nocookie.com\/embed\/-cd3TZKYyIk?controls=0\" width=\"560\" height=\"315\" frameborder=\"0\" allowfullscreen=\"allowfullscreen\"><\/iframe><\/p>\n<p>Exploraremos tamb\u00e9m as experi\u00eancias do Secret\u00e1rio Executivo do OGA em rela\u00e7\u00e3o a seguran\u00e7a h\u00eddrica, com a participa\u00e7\u00e3o do Prof Dr Edson Lu\u00eds Piroli, coordenador do Grupo de Pesquisa em Seguran\u00e7a H\u00eddrica da Universidade Estadual Paulista &#8211; UNESP Campus Ourinhos\/SP, com a intermedia\u00e7\u00e3o do Cientista Econ\u00f4mico e Msc em Gest\u00e3o e Regula\u00e7\u00e3o em Recursos H\u00eddricos e Diretor do Movimento S\u00f3cio-Ambiental Caminho das \u00c1guas, Cledir Mendes Soares.<\/p>\n<p>Refer\u00eancias: <a href=\"https:\/\/observatoriodasaguas.org\/\" rel=\"noreferrer noopener\">https:\/\/observatoriodasaguas.org\/<\/a><\/p>\n","protected":false},"excerpt":{"rendered":"<p>Pensando na necessidade do monitoramento da Pol\u00edtica Nacional de Recursos H\u00eddricos, convidamos o Observat\u00f3rio de Governan\u00e7a das \u00c1guas (OGA) para o pr\u00f3ximo Conversando com as \u00c1guas, pra que te quero?. O OGA \u00e9 um instrumento independente, que articula uma rede de institui\u00e7\u00f5es e atores para produ\u00e7\u00e3o e dissemina\u00e7\u00e3o de informa\u00e7\u00f5es sobre a gest\u00e3o integrada e&#46;&#46;&#46;<\/p>\n","protected":false},"author":1,"featured_media":240,"comment_status":"closed","ping_status":"open","sticky":false,"template":"","format":"standard","meta":{"footnotes":""},"categories":[7],"tags":[55,4,57,53,52,56,54],"class_list":["post-239","post","type-post","status-publish","format-standard","has-post-thumbnail","hentry","category-conversas","tag-agua-pra-que-te-quero","tag-conversando-com-as-aguas","tag-governanca-das-aguas","tag-instrumento","tag-monitoramento","tag-observatorio","tag-protocolo-de-monitoramento-de-governanca-das-aguas"],"yoast_head":"<!-- This site is optimized with the Yoast SEO plugin v27.0 - https:\/\/yoast.com\/product\/yoast-seo-wordpress\/ -->\n<title>Monitoramento da Governan\u00e7a das \u00c1guas e apropria\u00e7\u00e3o pelos organismos de bacia #005 - Conversando com as \u00c1guas<\/title>\n<meta name=\"description\" content=\"O Protocolo de Monitoramento de Governan\u00e7a das \u00c1guas e os organismos de bacia no Brasil, em suas realidades locais e regionais\" \/>\n<meta name=\"robots\" content=\"index, follow, max-snippet:-1, max-image-preview:large, max-video-preview:-1\" \/>\n<link rel=\"canonical\" href=\"https:\/\/caminhodasaguas.org.br\/vida\/monitoramento-da-governanca-das-aguas-e-apropriacao-pelos-organismos-de-bacia-005\/\" \/>\n<meta property=\"og:locale\" content=\"pt_BR\" \/>\n<meta property=\"og:type\" content=\"article\" \/>\n<meta property=\"og:title\" content=\"Monitoramento da Governan\u00e7a das \u00c1guas e apropria\u00e7\u00e3o pelos organismos de bacia #005 - Conversando com as \u00c1guas\" \/>\n<meta property=\"og:description\" content=\"O Protocolo de Monitoramento de Governan\u00e7a das \u00c1guas e os organismos de bacia no Brasil, em suas realidades locais e regionais\" \/>\n<meta property=\"og:url\" content=\"https:\/\/caminhodasaguas.org.br\/vida\/monitoramento-da-governanca-das-aguas-e-apropriacao-pelos-organismos-de-bacia-005\/\" \/>\n<meta property=\"og:site_name\" content=\"Conversando com as \u00c1guas\" \/>\n<meta property=\"article:publisher\" content=\"https:\/\/facebook.com\/caminhodasaguas\" \/>\n<meta property=\"article:published_time\" content=\"2023-05-01T21:13:41+00:00\" \/>\n<meta property=\"article:modified_time\" content=\"2023-05-02T00:17:12+00:00\" \/>\n<meta property=\"og:image\" content=\"https:\/\/caminhodasaguas.org.br\/vida\/wp-content\/uploads\/sites\/5\/2023\/05\/conversando-com-as-aguas-oga-005.jpeg\" \/>\n\t<meta property=\"og:image:width\" content=\"940\" \/>\n\t<meta property=\"og:image:height\" content=\"788\" \/>\n\t<meta property=\"og:image:type\" content=\"image\/jpeg\" \/>\n<meta name=\"author\" content=\"Netuno\" \/>\n<meta name=\"twitter:card\" content=\"summary_large_image\" \/>\n<meta name=\"twitter:creator\" content=\"@caminhodasaguas\" \/>\n<meta name=\"twitter:site\" content=\"@caminhodasaguas\" \/>\n<meta name=\"twitter:label1\" content=\"Escrito por\" \/>\n\t<meta name=\"twitter:data1\" content=\"Netuno\" \/>\n\t<meta name=\"twitter:label2\" content=\"Est. tempo de leitura\" \/>\n\t<meta name=\"twitter:data2\" content=\"2 minutos\" \/>\n<script type=\"application\/ld+json\" class=\"yoast-schema-graph\">{\"@context\":\"https:\/\/schema.org\",\"@graph\":[{\"@type\":\"Article\",\"@id\":\"https:\/\/caminhodasaguas.org.br\/vida\/monitoramento-da-governanca-das-aguas-e-apropriacao-pelos-organismos-de-bacia-005\/#article\",\"isPartOf\":{\"@id\":\"https:\/\/caminhodasaguas.org.br\/vida\/monitoramento-da-governanca-das-aguas-e-apropriacao-pelos-organismos-de-bacia-005\/\"},\"author\":{\"name\":\"Netuno\",\"@id\":\"https:\/\/caminhodasaguas.org.br\/vida\/#\/schema\/person\/4c4f4143eceaa9dbbbe513c2e83ba768\"},\"headline\":\"Monitoramento da Governan\u00e7a das \u00c1guas e apropria\u00e7\u00e3o pelos organismos de bacia #005\",\"datePublished\":\"2023-05-01T21:13:41+00:00\",\"dateModified\":\"2023-05-02T00:17:12+00:00\",\"mainEntityOfPage\":{\"@id\":\"https:\/\/caminhodasaguas.org.br\/vida\/monitoramento-da-governanca-das-aguas-e-apropriacao-pelos-organismos-de-bacia-005\/\"},\"wordCount\":292,\"publisher\":{\"@id\":\"https:\/\/caminhodasaguas.org.br\/vida\/#organization\"},\"image\":{\"@id\":\"https:\/\/caminhodasaguas.org.br\/vida\/monitoramento-da-governanca-das-aguas-e-apropriacao-pelos-organismos-de-bacia-005\/#primaryimage\"},\"thumbnailUrl\":\"https:\/\/caminhodasaguas.org.br\/vida\/wp-content\/uploads\/sites\/5\/2023\/05\/conversando-com-as-aguas-oga-005.jpeg\",\"keywords\":[\"\u00c1gua pra que te quero\",\"conversando com as \u00e1guas\",\"Governan\u00e7a das \u00c1guas\",\"instrumento\",\"monitoramento\",\"Observat\u00f3rio\",\"Protocolo de Monitoramento de Governan\u00e7a das \u00c1guas\"],\"articleSection\":[\"Conversas\"],\"inLanguage\":\"pt-BR\"},{\"@type\":\"WebPage\",\"@id\":\"https:\/\/caminhodasaguas.org.br\/vida\/monitoramento-da-governanca-das-aguas-e-apropriacao-pelos-organismos-de-bacia-005\/\",\"url\":\"https:\/\/caminhodasaguas.org.br\/vida\/monitoramento-da-governanca-das-aguas-e-apropriacao-pelos-organismos-de-bacia-005\/\",\"name\":\"Monitoramento da Governan\u00e7a das \u00c1guas e apropria\u00e7\u00e3o pelos organismos de bacia #005 - Conversando com as \u00c1guas\",\"isPartOf\":{\"@id\":\"https:\/\/caminhodasaguas.org.br\/vida\/#website\"},\"primaryImageOfPage\":{\"@id\":\"https:\/\/caminhodasaguas.org.br\/vida\/monitoramento-da-governanca-das-aguas-e-apropriacao-pelos-organismos-de-bacia-005\/#primaryimage\"},\"image\":{\"@id\":\"https:\/\/caminhodasaguas.org.br\/vida\/monitoramento-da-governanca-das-aguas-e-apropriacao-pelos-organismos-de-bacia-005\/#primaryimage\"},\"thumbnailUrl\":\"https:\/\/caminhodasaguas.org.br\/vida\/wp-content\/uploads\/sites\/5\/2023\/05\/conversando-com-as-aguas-oga-005.jpeg\",\"datePublished\":\"2023-05-01T21:13:41+00:00\",\"dateModified\":\"2023-05-02T00:17:12+00:00\",\"description\":\"O Protocolo de Monitoramento de Governan\u00e7a das \u00c1guas e os organismos de bacia no Brasil, em suas realidades locais e regionais\",\"breadcrumb\":{\"@id\":\"https:\/\/caminhodasaguas.org.br\/vida\/monitoramento-da-governanca-das-aguas-e-apropriacao-pelos-organismos-de-bacia-005\/#breadcrumb\"},\"inLanguage\":\"pt-BR\",\"potentialAction\":[{\"@type\":\"ReadAction\",\"target\":[\"https:\/\/caminhodasaguas.org.br\/vida\/monitoramento-da-governanca-das-aguas-e-apropriacao-pelos-organismos-de-bacia-005\/\"]}]},{\"@type\":\"ImageObject\",\"inLanguage\":\"pt-BR\",\"@id\":\"https:\/\/caminhodasaguas.org.br\/vida\/monitoramento-da-governanca-das-aguas-e-apropriacao-pelos-organismos-de-bacia-005\/#primaryimage\",\"url\":\"https:\/\/caminhodasaguas.org.br\/vida\/wp-content\/uploads\/sites\/5\/2023\/05\/conversando-com-as-aguas-oga-005.jpeg\",\"contentUrl\":\"https:\/\/caminhodasaguas.org.br\/vida\/wp-content\/uploads\/sites\/5\/2023\/05\/conversando-com-as-aguas-oga-005.jpeg\",\"width\":940,\"height\":788},{\"@type\":\"BreadcrumbList\",\"@id\":\"https:\/\/caminhodasaguas.org.br\/vida\/monitoramento-da-governanca-das-aguas-e-apropriacao-pelos-organismos-de-bacia-005\/#breadcrumb\",\"itemListElement\":[{\"@type\":\"ListItem\",\"position\":1,\"name\":\"In\u00edcio\",\"item\":\"https:\/\/caminhodasaguas.org.br\/vida\/\"},{\"@type\":\"ListItem\",\"position\":2,\"name\":\"Monitoramento da Governan\u00e7a das \u00c1guas e apropria\u00e7\u00e3o pelos organismos de bacia #005\"}]},{\"@type\":\"WebSite\",\"@id\":\"https:\/\/caminhodasaguas.org.br\/vida\/#website\",\"url\":\"https:\/\/caminhodasaguas.org.br\/vida\/\",\"name\":\"Conversando com as \u00c1guas\",\"description\":\"Amamos morar neste planeta abundante porque nele nunca falta \u00e1gua\",\"publisher\":{\"@id\":\"https:\/\/caminhodasaguas.org.br\/vida\/#organization\"},\"potentialAction\":[{\"@type\":\"SearchAction\",\"target\":{\"@type\":\"EntryPoint\",\"urlTemplate\":\"https:\/\/caminhodasaguas.org.br\/vida\/?s={search_term_string}\"},\"query-input\":{\"@type\":\"PropertyValueSpecification\",\"valueRequired\":true,\"valueName\":\"search_term_string\"}}],\"inLanguage\":\"pt-BR\"},{\"@type\":\"Organization\",\"@id\":\"https:\/\/caminhodasaguas.org.br\/vida\/#organization\",\"name\":\"ONG Caminho das \u00c1guas\",\"url\":\"https:\/\/caminhodasaguas.org.br\/vida\/\",\"logo\":{\"@type\":\"ImageObject\",\"inLanguage\":\"pt-BR\",\"@id\":\"https:\/\/caminhodasaguas.org.br\/vida\/#\/schema\/logo\/image\/\",\"url\":\"https:\/\/caminhodasaguas.org.br\/vida\/wp-content\/uploads\/sites\/5\/2022\/09\/logo-ch2o_500px.png\",\"contentUrl\":\"https:\/\/caminhodasaguas.org.br\/vida\/wp-content\/uploads\/sites\/5\/2022\/09\/logo-ch2o_500px.png\",\"width\":500,\"height\":500,\"caption\":\"ONG Caminho das \u00c1guas\"},\"image\":{\"@id\":\"https:\/\/caminhodasaguas.org.br\/vida\/#\/schema\/logo\/image\/\"},\"sameAs\":[\"https:\/\/facebook.com\/caminhodasaguas\",\"https:\/\/x.com\/caminhodasaguas\",\"https:\/\/instagram.com\/caminhoh2o\",\"https:\/\/www.linkedin.com\/company\/ong-caminho-das-guas\"]},{\"@type\":\"Person\",\"@id\":\"https:\/\/caminhodasaguas.org.br\/vida\/#\/schema\/person\/4c4f4143eceaa9dbbbe513c2e83ba768\",\"name\":\"Netuno\",\"image\":{\"@type\":\"ImageObject\",\"inLanguage\":\"pt-BR\",\"@id\":\"https:\/\/caminhodasaguas.org.br\/vida\/#\/schema\/person\/image\/\",\"url\":\"https:\/\/secure.gravatar.com\/avatar\/1cf0626080881652ef4054ade0e09bec5cd63d7128e3e12b02f3713009d8e8df?s=96&d=mm&r=g\",\"contentUrl\":\"https:\/\/secure.gravatar.com\/avatar\/1cf0626080881652ef4054ade0e09bec5cd63d7128e3e12b02f3713009d8e8df?s=96&d=mm&r=g\",\"caption\":\"Netuno\"}}]}<\/script>\n<!-- \/ Yoast SEO plugin. -->","yoast_head_json":{"title":"Monitoramento da Governan\u00e7a das \u00c1guas e apropria\u00e7\u00e3o pelos organismos de bacia #005 - Conversando com as \u00c1guas","description":"O Protocolo de Monitoramento de Governan\u00e7a das \u00c1guas e os organismos de bacia no Brasil, em suas realidades locais e regionais","robots":{"index":"index","follow":"follow","max-snippet":"max-snippet:-1","max-image-preview":"max-image-preview:large","max-video-preview":"max-video-preview:-1"},"canonical":"https:\/\/caminhodasaguas.org.br\/vida\/monitoramento-da-governanca-das-aguas-e-apropriacao-pelos-organismos-de-bacia-005\/","og_locale":"pt_BR","og_type":"article","og_title":"Monitoramento da Governan\u00e7a das \u00c1guas e apropria\u00e7\u00e3o pelos organismos de bacia #005 - Conversando com as \u00c1guas","og_description":"O Protocolo de Monitoramento de Governan\u00e7a das \u00c1guas e os organismos de bacia no Brasil, em suas realidades locais e regionais","og_url":"https:\/\/caminhodasaguas.org.br\/vida\/monitoramento-da-governanca-das-aguas-e-apropriacao-pelos-organismos-de-bacia-005\/","og_site_name":"Conversando com as \u00c1guas","article_publisher":"https:\/\/facebook.com\/caminhodasaguas","article_published_time":"2023-05-01T21:13:41+00:00","article_modified_time":"2023-05-02T00:17:12+00:00","og_image":[{"width":940,"height":788,"url":"https:\/\/caminhodasaguas.org.br\/vida\/wp-content\/uploads\/sites\/5\/2023\/05\/conversando-com-as-aguas-oga-005.jpeg","type":"image\/jpeg"}],"author":"Netuno","twitter_card":"summary_large_image","twitter_creator":"@caminhodasaguas","twitter_site":"@caminhodasaguas","twitter_misc":{"Escrito por":"Netuno","Est. tempo de leitura":"2 minutos"},"schema":{"@context":"https:\/\/schema.org","@graph":[{"@type":"Article","@id":"https:\/\/caminhodasaguas.org.br\/vida\/monitoramento-da-governanca-das-aguas-e-apropriacao-pelos-organismos-de-bacia-005\/#article","isPartOf":{"@id":"https:\/\/caminhodasaguas.org.br\/vida\/monitoramento-da-governanca-das-aguas-e-apropriacao-pelos-organismos-de-bacia-005\/"},"author":{"name":"Netuno","@id":"https:\/\/caminhodasaguas.org.br\/vida\/#\/schema\/person\/4c4f4143eceaa9dbbbe513c2e83ba768"},"headline":"Monitoramento da Governan\u00e7a das \u00c1guas e apropria\u00e7\u00e3o pelos organismos de bacia #005","datePublished":"2023-05-01T21:13:41+00:00","dateModified":"2023-05-02T00:17:12+00:00","mainEntityOfPage":{"@id":"https:\/\/caminhodasaguas.org.br\/vida\/monitoramento-da-governanca-das-aguas-e-apropriacao-pelos-organismos-de-bacia-005\/"},"wordCount":292,"publisher":{"@id":"https:\/\/caminhodasaguas.org.br\/vida\/#organization"},"image":{"@id":"https:\/\/caminhodasaguas.org.br\/vida\/monitoramento-da-governanca-das-aguas-e-apropriacao-pelos-organismos-de-bacia-005\/#primaryimage"},"thumbnailUrl":"https:\/\/caminhodasaguas.org.br\/vida\/wp-content\/uploads\/sites\/5\/2023\/05\/conversando-com-as-aguas-oga-005.jpeg","keywords":["\u00c1gua pra que te quero","conversando com as \u00e1guas","Governan\u00e7a das \u00c1guas","instrumento","monitoramento","Observat\u00f3rio","Protocolo de Monitoramento de Governan\u00e7a das \u00c1guas"],"articleSection":["Conversas"],"inLanguage":"pt-BR"},{"@type":"WebPage","@id":"https:\/\/caminhodasaguas.org.br\/vida\/monitoramento-da-governanca-das-aguas-e-apropriacao-pelos-organismos-de-bacia-005\/","url":"https:\/\/caminhodasaguas.org.br\/vida\/monitoramento-da-governanca-das-aguas-e-apropriacao-pelos-organismos-de-bacia-005\/","name":"Monitoramento da Governan\u00e7a das \u00c1guas e apropria\u00e7\u00e3o pelos organismos de bacia #005 - Conversando com as \u00c1guas","isPartOf":{"@id":"https:\/\/caminhodasaguas.org.br\/vida\/#website"},"primaryImageOfPage":{"@id":"https:\/\/caminhodasaguas.org.br\/vida\/monitoramento-da-governanca-das-aguas-e-apropriacao-pelos-organismos-de-bacia-005\/#primaryimage"},"image":{"@id":"https:\/\/caminhodasaguas.org.br\/vida\/monitoramento-da-governanca-das-aguas-e-apropriacao-pelos-organismos-de-bacia-005\/#primaryimage"},"thumbnailUrl":"https:\/\/caminhodasaguas.org.br\/vida\/wp-content\/uploads\/sites\/5\/2023\/05\/conversando-com-as-aguas-oga-005.jpeg","datePublished":"2023-05-01T21:13:41+00:00","dateModified":"2023-05-02T00:17:12+00:00","description":"O Protocolo de Monitoramento de Governan\u00e7a das \u00c1guas e os organismos de bacia no Brasil, em suas realidades locais e regionais","breadcrumb":{"@id":"https:\/\/caminhodasaguas.org.br\/vida\/monitoramento-da-governanca-das-aguas-e-apropriacao-pelos-organismos-de-bacia-005\/#breadcrumb"},"inLanguage":"pt-BR","potentialAction":[{"@type":"ReadAction","target":["https:\/\/caminhodasaguas.org.br\/vida\/monitoramento-da-governanca-das-aguas-e-apropriacao-pelos-organismos-de-bacia-005\/"]}]},{"@type":"ImageObject","inLanguage":"pt-BR","@id":"https:\/\/caminhodasaguas.org.br\/vida\/monitoramento-da-governanca-das-aguas-e-apropriacao-pelos-organismos-de-bacia-005\/#primaryimage","url":"https:\/\/caminhodasaguas.org.br\/vida\/wp-content\/uploads\/sites\/5\/2023\/05\/conversando-com-as-aguas-oga-005.jpeg","contentUrl":"https:\/\/caminhodasaguas.org.br\/vida\/wp-content\/uploads\/sites\/5\/2023\/05\/conversando-com-as-aguas-oga-005.jpeg","width":940,"height":788},{"@type":"BreadcrumbList","@id":"https:\/\/caminhodasaguas.org.br\/vida\/monitoramento-da-governanca-das-aguas-e-apropriacao-pelos-organismos-de-bacia-005\/#breadcrumb","itemListElement":[{"@type":"ListItem","position":1,"name":"In\u00edcio","item":"https:\/\/caminhodasaguas.org.br\/vida\/"},{"@type":"ListItem","position":2,"name":"Monitoramento da Governan\u00e7a das \u00c1guas e apropria\u00e7\u00e3o pelos organismos de bacia #005"}]},{"@type":"WebSite","@id":"https:\/\/caminhodasaguas.org.br\/vida\/#website","url":"https:\/\/caminhodasaguas.org.br\/vida\/","name":"Conversando com as \u00c1guas","description":"Amamos morar neste planeta abundante porque nele nunca falta \u00e1gua","publisher":{"@id":"https:\/\/caminhodasaguas.org.br\/vida\/#organization"},"potentialAction":[{"@type":"SearchAction","target":{"@type":"EntryPoint","urlTemplate":"https:\/\/caminhodasaguas.org.br\/vida\/?s={search_term_string}"},"query-input":{"@type":"PropertyValueSpecification","valueRequired":true,"valueName":"search_term_string"}}],"inLanguage":"pt-BR"},{"@type":"Organization","@id":"https:\/\/caminhodasaguas.org.br\/vida\/#organization","name":"ONG Caminho das \u00c1guas","url":"https:\/\/caminhodasaguas.org.br\/vida\/","logo":{"@type":"ImageObject","inLanguage":"pt-BR","@id":"https:\/\/caminhodasaguas.org.br\/vida\/#\/schema\/logo\/image\/","url":"https:\/\/caminhodasaguas.org.br\/vida\/wp-content\/uploads\/sites\/5\/2022\/09\/logo-ch2o_500px.png","contentUrl":"https:\/\/caminhodasaguas.org.br\/vida\/wp-content\/uploads\/sites\/5\/2022\/09\/logo-ch2o_500px.png","width":500,"height":500,"caption":"ONG Caminho das \u00c1guas"},"image":{"@id":"https:\/\/caminhodasaguas.org.br\/vida\/#\/schema\/logo\/image\/"},"sameAs":["https:\/\/facebook.com\/caminhodasaguas","https:\/\/x.com\/caminhodasaguas","https:\/\/instagram.com\/caminhoh2o","https:\/\/www.linkedin.com\/company\/ong-caminho-das-guas"]},{"@type":"Person","@id":"https:\/\/caminhodasaguas.org.br\/vida\/#\/schema\/person\/4c4f4143eceaa9dbbbe513c2e83ba768","name":"Netuno","image":{"@type":"ImageObject","inLanguage":"pt-BR","@id":"https:\/\/caminhodasaguas.org.br\/vida\/#\/schema\/person\/image\/","url":"https:\/\/secure.gravatar.com\/avatar\/1cf0626080881652ef4054ade0e09bec5cd63d7128e3e12b02f3713009d8e8df?s=96&d=mm&r=g","contentUrl":"https:\/\/secure.gravatar.com\/avatar\/1cf0626080881652ef4054ade0e09bec5cd63d7128e3e12b02f3713009d8e8df?s=96&d=mm&r=g","caption":"Netuno"}}]}},"_links":{"self":[{"href":"https:\/\/caminhodasaguas.org.br\/vida\/wp-json\/wp\/v2\/posts\/239","targetHints":{"allow":["GET"]}}],"collection":[{"href":"https:\/\/caminhodasaguas.org.br\/vida\/wp-json\/wp\/v2\/posts"}],"about":[{"href":"https:\/\/caminhodasaguas.org.br\/vida\/wp-json\/wp\/v2\/types\/post"}],"author":[{"embeddable":true,"href":"https:\/\/caminhodasaguas.org.br\/vida\/wp-json\/wp\/v2\/users\/1"}],"replies":[{"embeddable":true,"href":"https:\/\/caminhodasaguas.org.br\/vida\/wp-json\/wp\/v2\/comments?post=239"}],"version-history":[{"count":6,"href":"https:\/\/caminhodasaguas.org.br\/vida\/wp-json\/wp\/v2\/posts\/239\/revisions"}],"predecessor-version":[{"id":252,"href":"https:\/\/caminhodasaguas.org.br\/vida\/wp-json\/wp\/v2\/posts\/239\/revisions\/252"}],"wp:featuredmedia":[{"embeddable":true,"href":"https:\/\/caminhodasaguas.org.br\/vida\/wp-json\/wp\/v2\/media\/240"}],"wp:attachment":[{"href":"https:\/\/caminhodasaguas.org.br\/vida\/wp-json\/wp\/v2\/media?parent=239"}],"wp:term":[{"taxonomy":"category","embeddable":true,"href":"https:\/\/caminhodasaguas.org.br\/vida\/wp-json\/wp\/v2\/categories?post=239"},{"taxonomy":"post_tag","embeddable":true,"href":"https:\/\/caminhodasaguas.org.br\/vida\/wp-json\/wp\/v2\/tags?post=239"}],"curies":[{"name":"wp","href":"https:\/\/api.w.org\/{rel}","templated":true}]}}