{"id":258,"date":"2023-06-20T21:34:52","date_gmt":"2023-06-21T00:34:52","guid":{"rendered":"https:\/\/caminhodasaguas.org.br\/vida\/?p=258"},"modified":"2023-06-20T21:44:13","modified_gmt":"2023-06-21T00:44:13","slug":"conversando-com-as-aguas-percepcoes-entre-mocambique-e-brasil-006","status":"publish","type":"post","link":"https:\/\/caminhodasaguas.org.br\/vida\/conversando-com-as-aguas-percepcoes-entre-mocambique-e-brasil-006\/","title":{"rendered":"Conversando com as \u00c1guas &#8211; Percep\u00e7\u00f5es entre Mo\u00e7ambique e Brasil #006"},"content":{"rendered":"\n<p>N\u00e3o perca essa conversa incr\u00edvel sobre Seguran\u00e7a H\u00eddrica e Governan\u00e7a!<\/p>\n\n\n\n<p><strong>Data<\/strong>: 22 de Junho<br><strong>Hora<\/strong>: 16hrs BR &#8211; 21hrs MZ<br><strong>Local<\/strong>: <a href=\"https:\/\/www.youtube.com\/watch?v=t7wHChW1yqo\" target=\"_blank\" rel=\"noreferrer noopener\">https:\/\/www.youtube.com\/watch?v=t7wHChW1yqo<\/a><\/p>\n\n\n\n<p>Miguel ir\u00e1 compartilhar conosco a sua vis\u00e3o sobre a estrutura de governan\u00e7a das \u00e1guas em Mo\u00e7ambique e como o povo mo\u00e7ambicano se relaciona com as \u00e1guas em seus aspectos sociais, culturais, espirituais e econ\u00f4micos.<\/p>\n\n\n\n<p>Esse encontro nasceu do interesse em aprendermos com pa\u00edses que possuem perfis culturais e sociais pr\u00f3ximos ao do Brasil sobre as quest\u00f5es de seguran\u00e7a h\u00eddrica, governan\u00e7a e percep\u00e7\u00f5es sobre a import\u00e2ncia dos Direitos da Natureza para a prote\u00e7\u00e3o das \u00e1guas.<\/p>\n\n\n\n<p>Junte-se a n\u00f3s nessa conversa inspiradora sobre seguran\u00e7a h\u00eddrica e governan\u00e7a! Vamos explorar juntos novos horizontes de vida e gest\u00e3o participativa dos recursos h\u00eddricos.<\/p>\n\n\n\n<figure class=\"wp-block-embed is-type-video is-provider-youtube wp-block-embed-youtube wp-embed-aspect-16-9 wp-has-aspect-ratio\"><div class=\"wp-block-embed__wrapper\">\n<div class=\"video-container\"><iframe title=\"Conversando com as \u00e1guas  - Percep\u00e7\u00f5es entre Mo\u00e7ambique e Brasil\" width=\"740\" height=\"416\" src=\"https:\/\/www.youtube.com\/embed\/t7wHChW1yqo?feature=oembed\" frameborder=\"0\" allow=\"accelerometer; autoplay; clipboard-write; encrypted-media; gyroscope; picture-in-picture; web-share\" allowfullscreen><\/iframe><\/div>\n<\/div><\/figure>\n\n\n\n<p><\/p>\n\n\n\n<h2 class=\"wp-block-heading\">Seguran\u00e7aH\u00eddrica #Governan\u00e7a #RecursosH\u00eddricos #CDireitosDaNatureza #ODS6 #ODS17<\/h2>\n","protected":false},"excerpt":{"rendered":"<p>N\u00e3o perca essa conversa incr\u00edvel sobre Seguran\u00e7a H\u00eddrica e Governan\u00e7a! Data: 22 de JunhoHora: 16hrs BR &#8211; 21hrs MZLocal: https:\/\/www.youtube.com\/watch?v=t7wHChW1yqo Miguel ir\u00e1 compartilhar conosco a sua vis\u00e3o sobre a estrutura de governan\u00e7a das \u00e1guas em Mo\u00e7ambique e como o povo mo\u00e7ambicano se relaciona com as \u00e1guas em seus aspectos sociais, culturais, espirituais e econ\u00f4micos. Esse&#46;&#46;&#46;<\/p>\n","protected":false},"author":1,"featured_media":259,"comment_status":"closed","ping_status":"open","sticky":false,"template":"","format":"standard","meta":{"footnotes":""},"categories":[7],"tags":[42,58,61,60,47,5],"class_list":["post-258","post","type-post","status-publish","format-standard","has-post-thumbnail","hentry","category-conversas","tag-direitos-da-natureza","tag-governanca","tag-ods-17","tag-ods-6","tag-recursos-hidricos","tag-seguranca-hidrica"],"yoast_head":"<!-- This site is optimized with the Yoast SEO plugin v27.0 - https:\/\/yoast.com\/product\/yoast-seo-wordpress\/ -->\n<title>Conversando com as \u00c1guas - Percep\u00e7\u00f5es entre Mo\u00e7ambique e Brasil #006 - Conversando com as \u00c1guas<\/title>\n<meta name=\"description\" content=\"Conversando com as \u00e1guas, porque eu amo morar neste planeta abundante porque nele nunca falta \u00e1gua\" \/>\n<meta name=\"robots\" content=\"index, follow, max-snippet:-1, max-image-preview:large, max-video-preview:-1\" \/>\n<link rel=\"canonical\" href=\"https:\/\/caminhodasaguas.org.br\/vida\/conversando-com-as-aguas-percepcoes-entre-mocambique-e-brasil-006\/\" \/>\n<meta property=\"og:locale\" content=\"pt_BR\" \/>\n<meta property=\"og:type\" content=\"article\" \/>\n<meta property=\"og:title\" content=\"Conversando com as \u00c1guas - Percep\u00e7\u00f5es entre Mo\u00e7ambique e Brasil #006 - Conversando com as \u00c1guas\" \/>\n<meta property=\"og:description\" content=\"Conversando com as \u00e1guas, porque eu amo morar neste planeta abundante porque nele nunca falta \u00e1gua\" \/>\n<meta property=\"og:url\" content=\"https:\/\/caminhodasaguas.org.br\/vida\/conversando-com-as-aguas-percepcoes-entre-mocambique-e-brasil-006\/\" \/>\n<meta property=\"og:site_name\" content=\"Conversando com as \u00c1guas\" \/>\n<meta property=\"article:publisher\" content=\"https:\/\/facebook.com\/caminhodasaguas\" \/>\n<meta property=\"article:published_time\" content=\"2023-06-21T00:34:52+00:00\" \/>\n<meta property=\"article:modified_time\" content=\"2023-06-21T00:44:13+00:00\" \/>\n<meta property=\"og:image\" content=\"https:\/\/caminhodasaguas.org.br\/vida\/wp-content\/uploads\/sites\/5\/2023\/06\/conversando-com-as-aguas-miguel-ali.jpeg\" \/>\n\t<meta property=\"og:image:width\" content=\"940\" \/>\n\t<meta property=\"og:image:height\" content=\"788\" \/>\n\t<meta property=\"og:image:type\" content=\"image\/jpeg\" \/>\n<meta name=\"author\" content=\"Netuno\" \/>\n<meta name=\"twitter:card\" content=\"summary_large_image\" \/>\n<meta name=\"twitter:creator\" content=\"@caminhodasaguas\" \/>\n<meta name=\"twitter:site\" content=\"@caminhodasaguas\" \/>\n<meta name=\"twitter:label1\" content=\"Escrito por\" \/>\n\t<meta name=\"twitter:data1\" content=\"Netuno\" \/>\n\t<meta name=\"twitter:label2\" content=\"Est. tempo de leitura\" \/>\n\t<meta name=\"twitter:data2\" content=\"1 minuto\" \/>\n<script type=\"application\/ld+json\" class=\"yoast-schema-graph\">{\"@context\":\"https:\/\/schema.org\",\"@graph\":[{\"@type\":\"Article\",\"@id\":\"https:\/\/caminhodasaguas.org.br\/vida\/conversando-com-as-aguas-percepcoes-entre-mocambique-e-brasil-006\/#article\",\"isPartOf\":{\"@id\":\"https:\/\/caminhodasaguas.org.br\/vida\/conversando-com-as-aguas-percepcoes-entre-mocambique-e-brasil-006\/\"},\"author\":{\"name\":\"Netuno\",\"@id\":\"https:\/\/caminhodasaguas.org.br\/vida\/#\/schema\/person\/4c4f4143eceaa9dbbbe513c2e83ba768\"},\"headline\":\"Conversando com as \u00c1guas &#8211; Percep\u00e7\u00f5es entre Mo\u00e7ambique e Brasil #006\",\"datePublished\":\"2023-06-21T00:34:52+00:00\",\"dateModified\":\"2023-06-21T00:44:13+00:00\",\"mainEntityOfPage\":{\"@id\":\"https:\/\/caminhodasaguas.org.br\/vida\/conversando-com-as-aguas-percepcoes-entre-mocambique-e-brasil-006\/\"},\"wordCount\":183,\"publisher\":{\"@id\":\"https:\/\/caminhodasaguas.org.br\/vida\/#organization\"},\"image\":{\"@id\":\"https:\/\/caminhodasaguas.org.br\/vida\/conversando-com-as-aguas-percepcoes-entre-mocambique-e-brasil-006\/#primaryimage\"},\"thumbnailUrl\":\"https:\/\/caminhodasaguas.org.br\/vida\/wp-content\/uploads\/sites\/5\/2023\/06\/conversando-com-as-aguas-miguel-ali.jpeg\",\"keywords\":[\"Direitos da Natureza\",\"governan\u00e7a\",\"ODS 17\",\"ODS 6\",\"recursos h\u00eddricos\",\"seguran\u00e7a h\u00eddrica\"],\"articleSection\":[\"Conversas\"],\"inLanguage\":\"pt-BR\"},{\"@type\":\"WebPage\",\"@id\":\"https:\/\/caminhodasaguas.org.br\/vida\/conversando-com-as-aguas-percepcoes-entre-mocambique-e-brasil-006\/\",\"url\":\"https:\/\/caminhodasaguas.org.br\/vida\/conversando-com-as-aguas-percepcoes-entre-mocambique-e-brasil-006\/\",\"name\":\"Conversando com as \u00c1guas - Percep\u00e7\u00f5es entre Mo\u00e7ambique e Brasil #006 - Conversando com as \u00c1guas\",\"isPartOf\":{\"@id\":\"https:\/\/caminhodasaguas.org.br\/vida\/#website\"},\"primaryImageOfPage\":{\"@id\":\"https:\/\/caminhodasaguas.org.br\/vida\/conversando-com-as-aguas-percepcoes-entre-mocambique-e-brasil-006\/#primaryimage\"},\"image\":{\"@id\":\"https:\/\/caminhodasaguas.org.br\/vida\/conversando-com-as-aguas-percepcoes-entre-mocambique-e-brasil-006\/#primaryimage\"},\"thumbnailUrl\":\"https:\/\/caminhodasaguas.org.br\/vida\/wp-content\/uploads\/sites\/5\/2023\/06\/conversando-com-as-aguas-miguel-ali.jpeg\",\"datePublished\":\"2023-06-21T00:34:52+00:00\",\"dateModified\":\"2023-06-21T00:44:13+00:00\",\"description\":\"Conversando com as \u00e1guas, porque eu amo morar neste planeta abundante porque nele nunca falta \u00e1gua\",\"breadcrumb\":{\"@id\":\"https:\/\/caminhodasaguas.org.br\/vida\/conversando-com-as-aguas-percepcoes-entre-mocambique-e-brasil-006\/#breadcrumb\"},\"inLanguage\":\"pt-BR\",\"potentialAction\":[{\"@type\":\"ReadAction\",\"target\":[\"https:\/\/caminhodasaguas.org.br\/vida\/conversando-com-as-aguas-percepcoes-entre-mocambique-e-brasil-006\/\"]}]},{\"@type\":\"ImageObject\",\"inLanguage\":\"pt-BR\",\"@id\":\"https:\/\/caminhodasaguas.org.br\/vida\/conversando-com-as-aguas-percepcoes-entre-mocambique-e-brasil-006\/#primaryimage\",\"url\":\"https:\/\/caminhodasaguas.org.br\/vida\/wp-content\/uploads\/sites\/5\/2023\/06\/conversando-com-as-aguas-miguel-ali.jpeg\",\"contentUrl\":\"https:\/\/caminhodasaguas.org.br\/vida\/wp-content\/uploads\/sites\/5\/2023\/06\/conversando-com-as-aguas-miguel-ali.jpeg\",\"width\":940,\"height\":788},{\"@type\":\"BreadcrumbList\",\"@id\":\"https:\/\/caminhodasaguas.org.br\/vida\/conversando-com-as-aguas-percepcoes-entre-mocambique-e-brasil-006\/#breadcrumb\",\"itemListElement\":[{\"@type\":\"ListItem\",\"position\":1,\"name\":\"In\u00edcio\",\"item\":\"https:\/\/caminhodasaguas.org.br\/vida\/\"},{\"@type\":\"ListItem\",\"position\":2,\"name\":\"Conversando com as \u00c1guas &#8211; Percep\u00e7\u00f5es entre Mo\u00e7ambique e Brasil #006\"}]},{\"@type\":\"WebSite\",\"@id\":\"https:\/\/caminhodasaguas.org.br\/vida\/#website\",\"url\":\"https:\/\/caminhodasaguas.org.br\/vida\/\",\"name\":\"Conversando com as \u00c1guas\",\"description\":\"Amamos morar neste planeta abundante porque nele nunca falta \u00e1gua\",\"publisher\":{\"@id\":\"https:\/\/caminhodasaguas.org.br\/vida\/#organization\"},\"potentialAction\":[{\"@type\":\"SearchAction\",\"target\":{\"@type\":\"EntryPoint\",\"urlTemplate\":\"https:\/\/caminhodasaguas.org.br\/vida\/?s={search_term_string}\"},\"query-input\":{\"@type\":\"PropertyValueSpecification\",\"valueRequired\":true,\"valueName\":\"search_term_string\"}}],\"inLanguage\":\"pt-BR\"},{\"@type\":\"Organization\",\"@id\":\"https:\/\/caminhodasaguas.org.br\/vida\/#organization\",\"name\":\"ONG Caminho das \u00c1guas\",\"url\":\"https:\/\/caminhodasaguas.org.br\/vida\/\",\"logo\":{\"@type\":\"ImageObject\",\"inLanguage\":\"pt-BR\",\"@id\":\"https:\/\/caminhodasaguas.org.br\/vida\/#\/schema\/logo\/image\/\",\"url\":\"https:\/\/caminhodasaguas.org.br\/vida\/wp-content\/uploads\/sites\/5\/2022\/09\/logo-ch2o_500px.png\",\"contentUrl\":\"https:\/\/caminhodasaguas.org.br\/vida\/wp-content\/uploads\/sites\/5\/2022\/09\/logo-ch2o_500px.png\",\"width\":500,\"height\":500,\"caption\":\"ONG Caminho das \u00c1guas\"},\"image\":{\"@id\":\"https:\/\/caminhodasaguas.org.br\/vida\/#\/schema\/logo\/image\/\"},\"sameAs\":[\"https:\/\/facebook.com\/caminhodasaguas\",\"https:\/\/x.com\/caminhodasaguas\",\"https:\/\/instagram.com\/caminhoh2o\",\"https:\/\/www.linkedin.com\/company\/ong-caminho-das-guas\"]},{\"@type\":\"Person\",\"@id\":\"https:\/\/caminhodasaguas.org.br\/vida\/#\/schema\/person\/4c4f4143eceaa9dbbbe513c2e83ba768\",\"name\":\"Netuno\",\"image\":{\"@type\":\"ImageObject\",\"inLanguage\":\"pt-BR\",\"@id\":\"https:\/\/caminhodasaguas.org.br\/vida\/#\/schema\/person\/image\/\",\"url\":\"https:\/\/secure.gravatar.com\/avatar\/1cf0626080881652ef4054ade0e09bec5cd63d7128e3e12b02f3713009d8e8df?s=96&d=mm&r=g\",\"contentUrl\":\"https:\/\/secure.gravatar.com\/avatar\/1cf0626080881652ef4054ade0e09bec5cd63d7128e3e12b02f3713009d8e8df?s=96&d=mm&r=g\",\"caption\":\"Netuno\"}}]}<\/script>\n<!-- \/ Yoast SEO plugin. -->","yoast_head_json":{"title":"Conversando com as \u00c1guas - Percep\u00e7\u00f5es entre Mo\u00e7ambique e Brasil #006 - Conversando com as \u00c1guas","description":"Conversando com as \u00e1guas, porque eu amo morar neste planeta abundante porque nele nunca falta \u00e1gua","robots":{"index":"index","follow":"follow","max-snippet":"max-snippet:-1","max-image-preview":"max-image-preview:large","max-video-preview":"max-video-preview:-1"},"canonical":"https:\/\/caminhodasaguas.org.br\/vida\/conversando-com-as-aguas-percepcoes-entre-mocambique-e-brasil-006\/","og_locale":"pt_BR","og_type":"article","og_title":"Conversando com as \u00c1guas - Percep\u00e7\u00f5es entre Mo\u00e7ambique e Brasil #006 - Conversando com as \u00c1guas","og_description":"Conversando com as \u00e1guas, porque eu amo morar neste planeta abundante porque nele nunca falta \u00e1gua","og_url":"https:\/\/caminhodasaguas.org.br\/vida\/conversando-com-as-aguas-percepcoes-entre-mocambique-e-brasil-006\/","og_site_name":"Conversando com as \u00c1guas","article_publisher":"https:\/\/facebook.com\/caminhodasaguas","article_published_time":"2023-06-21T00:34:52+00:00","article_modified_time":"2023-06-21T00:44:13+00:00","og_image":[{"width":940,"height":788,"url":"https:\/\/caminhodasaguas.org.br\/vida\/wp-content\/uploads\/sites\/5\/2023\/06\/conversando-com-as-aguas-miguel-ali.jpeg","type":"image\/jpeg"}],"author":"Netuno","twitter_card":"summary_large_image","twitter_creator":"@caminhodasaguas","twitter_site":"@caminhodasaguas","twitter_misc":{"Escrito por":"Netuno","Est. tempo de leitura":"1 minuto"},"schema":{"@context":"https:\/\/schema.org","@graph":[{"@type":"Article","@id":"https:\/\/caminhodasaguas.org.br\/vida\/conversando-com-as-aguas-percepcoes-entre-mocambique-e-brasil-006\/#article","isPartOf":{"@id":"https:\/\/caminhodasaguas.org.br\/vida\/conversando-com-as-aguas-percepcoes-entre-mocambique-e-brasil-006\/"},"author":{"name":"Netuno","@id":"https:\/\/caminhodasaguas.org.br\/vida\/#\/schema\/person\/4c4f4143eceaa9dbbbe513c2e83ba768"},"headline":"Conversando com as \u00c1guas &#8211; Percep\u00e7\u00f5es entre Mo\u00e7ambique e Brasil #006","datePublished":"2023-06-21T00:34:52+00:00","dateModified":"2023-06-21T00:44:13+00:00","mainEntityOfPage":{"@id":"https:\/\/caminhodasaguas.org.br\/vida\/conversando-com-as-aguas-percepcoes-entre-mocambique-e-brasil-006\/"},"wordCount":183,"publisher":{"@id":"https:\/\/caminhodasaguas.org.br\/vida\/#organization"},"image":{"@id":"https:\/\/caminhodasaguas.org.br\/vida\/conversando-com-as-aguas-percepcoes-entre-mocambique-e-brasil-006\/#primaryimage"},"thumbnailUrl":"https:\/\/caminhodasaguas.org.br\/vida\/wp-content\/uploads\/sites\/5\/2023\/06\/conversando-com-as-aguas-miguel-ali.jpeg","keywords":["Direitos da Natureza","governan\u00e7a","ODS 17","ODS 6","recursos h\u00eddricos","seguran\u00e7a h\u00eddrica"],"articleSection":["Conversas"],"inLanguage":"pt-BR"},{"@type":"WebPage","@id":"https:\/\/caminhodasaguas.org.br\/vida\/conversando-com-as-aguas-percepcoes-entre-mocambique-e-brasil-006\/","url":"https:\/\/caminhodasaguas.org.br\/vida\/conversando-com-as-aguas-percepcoes-entre-mocambique-e-brasil-006\/","name":"Conversando com as \u00c1guas - Percep\u00e7\u00f5es entre Mo\u00e7ambique e Brasil #006 - Conversando com as \u00c1guas","isPartOf":{"@id":"https:\/\/caminhodasaguas.org.br\/vida\/#website"},"primaryImageOfPage":{"@id":"https:\/\/caminhodasaguas.org.br\/vida\/conversando-com-as-aguas-percepcoes-entre-mocambique-e-brasil-006\/#primaryimage"},"image":{"@id":"https:\/\/caminhodasaguas.org.br\/vida\/conversando-com-as-aguas-percepcoes-entre-mocambique-e-brasil-006\/#primaryimage"},"thumbnailUrl":"https:\/\/caminhodasaguas.org.br\/vida\/wp-content\/uploads\/sites\/5\/2023\/06\/conversando-com-as-aguas-miguel-ali.jpeg","datePublished":"2023-06-21T00:34:52+00:00","dateModified":"2023-06-21T00:44:13+00:00","description":"Conversando com as \u00e1guas, porque eu amo morar neste planeta abundante porque nele nunca falta \u00e1gua","breadcrumb":{"@id":"https:\/\/caminhodasaguas.org.br\/vida\/conversando-com-as-aguas-percepcoes-entre-mocambique-e-brasil-006\/#breadcrumb"},"inLanguage":"pt-BR","potentialAction":[{"@type":"ReadAction","target":["https:\/\/caminhodasaguas.org.br\/vida\/conversando-com-as-aguas-percepcoes-entre-mocambique-e-brasil-006\/"]}]},{"@type":"ImageObject","inLanguage":"pt-BR","@id":"https:\/\/caminhodasaguas.org.br\/vida\/conversando-com-as-aguas-percepcoes-entre-mocambique-e-brasil-006\/#primaryimage","url":"https:\/\/caminhodasaguas.org.br\/vida\/wp-content\/uploads\/sites\/5\/2023\/06\/conversando-com-as-aguas-miguel-ali.jpeg","contentUrl":"https:\/\/caminhodasaguas.org.br\/vida\/wp-content\/uploads\/sites\/5\/2023\/06\/conversando-com-as-aguas-miguel-ali.jpeg","width":940,"height":788},{"@type":"BreadcrumbList","@id":"https:\/\/caminhodasaguas.org.br\/vida\/conversando-com-as-aguas-percepcoes-entre-mocambique-e-brasil-006\/#breadcrumb","itemListElement":[{"@type":"ListItem","position":1,"name":"In\u00edcio","item":"https:\/\/caminhodasaguas.org.br\/vida\/"},{"@type":"ListItem","position":2,"name":"Conversando com as \u00c1guas &#8211; Percep\u00e7\u00f5es entre Mo\u00e7ambique e Brasil #006"}]},{"@type":"WebSite","@id":"https:\/\/caminhodasaguas.org.br\/vida\/#website","url":"https:\/\/caminhodasaguas.org.br\/vida\/","name":"Conversando com as \u00c1guas","description":"Amamos morar neste planeta abundante porque nele nunca falta \u00e1gua","publisher":{"@id":"https:\/\/caminhodasaguas.org.br\/vida\/#organization"},"potentialAction":[{"@type":"SearchAction","target":{"@type":"EntryPoint","urlTemplate":"https:\/\/caminhodasaguas.org.br\/vida\/?s={search_term_string}"},"query-input":{"@type":"PropertyValueSpecification","valueRequired":true,"valueName":"search_term_string"}}],"inLanguage":"pt-BR"},{"@type":"Organization","@id":"https:\/\/caminhodasaguas.org.br\/vida\/#organization","name":"ONG Caminho das \u00c1guas","url":"https:\/\/caminhodasaguas.org.br\/vida\/","logo":{"@type":"ImageObject","inLanguage":"pt-BR","@id":"https:\/\/caminhodasaguas.org.br\/vida\/#\/schema\/logo\/image\/","url":"https:\/\/caminhodasaguas.org.br\/vida\/wp-content\/uploads\/sites\/5\/2022\/09\/logo-ch2o_500px.png","contentUrl":"https:\/\/caminhodasaguas.org.br\/vida\/wp-content\/uploads\/sites\/5\/2022\/09\/logo-ch2o_500px.png","width":500,"height":500,"caption":"ONG Caminho das \u00c1guas"},"image":{"@id":"https:\/\/caminhodasaguas.org.br\/vida\/#\/schema\/logo\/image\/"},"sameAs":["https:\/\/facebook.com\/caminhodasaguas","https:\/\/x.com\/caminhodasaguas","https:\/\/instagram.com\/caminhoh2o","https:\/\/www.linkedin.com\/company\/ong-caminho-das-guas"]},{"@type":"Person","@id":"https:\/\/caminhodasaguas.org.br\/vida\/#\/schema\/person\/4c4f4143eceaa9dbbbe513c2e83ba768","name":"Netuno","image":{"@type":"ImageObject","inLanguage":"pt-BR","@id":"https:\/\/caminhodasaguas.org.br\/vida\/#\/schema\/person\/image\/","url":"https:\/\/secure.gravatar.com\/avatar\/1cf0626080881652ef4054ade0e09bec5cd63d7128e3e12b02f3713009d8e8df?s=96&d=mm&r=g","contentUrl":"https:\/\/secure.gravatar.com\/avatar\/1cf0626080881652ef4054ade0e09bec5cd63d7128e3e12b02f3713009d8e8df?s=96&d=mm&r=g","caption":"Netuno"}}]}},"_links":{"self":[{"href":"https:\/\/caminhodasaguas.org.br\/vida\/wp-json\/wp\/v2\/posts\/258","targetHints":{"allow":["GET"]}}],"collection":[{"href":"https:\/\/caminhodasaguas.org.br\/vida\/wp-json\/wp\/v2\/posts"}],"about":[{"href":"https:\/\/caminhodasaguas.org.br\/vida\/wp-json\/wp\/v2\/types\/post"}],"author":[{"embeddable":true,"href":"https:\/\/caminhodasaguas.org.br\/vida\/wp-json\/wp\/v2\/users\/1"}],"replies":[{"embeddable":true,"href":"https:\/\/caminhodasaguas.org.br\/vida\/wp-json\/wp\/v2\/comments?post=258"}],"version-history":[{"count":4,"href":"https:\/\/caminhodasaguas.org.br\/vida\/wp-json\/wp\/v2\/posts\/258\/revisions"}],"predecessor-version":[{"id":264,"href":"https:\/\/caminhodasaguas.org.br\/vida\/wp-json\/wp\/v2\/posts\/258\/revisions\/264"}],"wp:featuredmedia":[{"embeddable":true,"href":"https:\/\/caminhodasaguas.org.br\/vida\/wp-json\/wp\/v2\/media\/259"}],"wp:attachment":[{"href":"https:\/\/caminhodasaguas.org.br\/vida\/wp-json\/wp\/v2\/media?parent=258"}],"wp:term":[{"taxonomy":"category","embeddable":true,"href":"https:\/\/caminhodasaguas.org.br\/vida\/wp-json\/wp\/v2\/categories?post=258"},{"taxonomy":"post_tag","embeddable":true,"href":"https:\/\/caminhodasaguas.org.br\/vida\/wp-json\/wp\/v2\/tags?post=258"}],"curies":[{"name":"wp","href":"https:\/\/api.w.org\/{rel}","templated":true}]}}