{"id":65,"date":"2021-09-01T00:31:17","date_gmt":"2021-09-01T03:31:17","guid":{"rendered":"https:\/\/caminhodasaguas.org.br\/vida\/?p=65"},"modified":"2021-09-22T01:58:12","modified_gmt":"2021-09-22T04:58:12","slug":"uma-historia-sem-palavras","status":"publish","type":"post","link":"https:\/\/caminhodasaguas.org.br\/vida\/uma-historia-sem-palavras\/","title":{"rendered":"Uma hist\u00f3ria sem palavras"},"content":{"rendered":"\t\t<div data-elementor-type=\"wp-post\" data-elementor-id=\"65\" class=\"elementor elementor-65\">\n\t\t\t\t\t\t<section class=\"elementor-section elementor-top-section elementor-element elementor-element-2b870991 elementor-section-boxed elementor-section-height-default elementor-section-height-default\" data-id=\"2b870991\" data-element_type=\"section\" data-e-type=\"section\">\n\t\t\t\t\t\t<div class=\"elementor-container elementor-column-gap-default\">\n\t\t\t\t\t<div class=\"elementor-column elementor-col-100 elementor-top-column elementor-element elementor-element-358aa77f\" data-id=\"358aa77f\" data-element_type=\"column\" data-e-type=\"column\">\n\t\t\t<div class=\"elementor-widget-wrap elementor-element-populated\">\n\t\t\t\t\t\t<div class=\"elementor-element elementor-element-7a2e1d9e elementor-widget elementor-widget-text-editor\" data-id=\"7a2e1d9e\" data-element_type=\"widget\" data-e-type=\"widget\" data-widget_type=\"text-editor.default\">\n\t\t\t\t<div class=\"elementor-widget-container\">\n\t\t\t\t\t\t\t\t\t<p>Lan\u00e7ada em 2012, a anima\u00e7\u00e3o <strong>Man<\/strong> de Stevie Cutts fez sucesso contando algumas hist\u00f3rias sem palavras sobre nossa vida no planeta Terra, permitindo muitas reflex\u00f5es.<\/p>\t\t\t\t\t\t\t\t<\/div>\n\t\t\t\t<\/div>\n\t\t\t\t<div class=\"elementor-element elementor-element-f5a16e4 elementor-widget elementor-widget-video\" data-id=\"f5a16e4\" data-element_type=\"widget\" data-e-type=\"widget\" data-settings=\"{&quot;youtube_url&quot;:&quot;https:\\\/\\\/www.youtube.com\\\/embed\\\/WfGMYdalClU&quot;,&quot;video_type&quot;:&quot;youtube&quot;,&quot;controls&quot;:&quot;yes&quot;}\" data-widget_type=\"video.default\">\n\t\t\t\t<div class=\"elementor-widget-container\">\n\t\t\t\t\t\t\t<div class=\"elementor-wrapper elementor-open-inline\">\n\t\t\t<div class=\"elementor-video\"><\/div>\t\t<\/div>\n\t\t\t\t\t\t<\/div>\n\t\t\t\t<\/div>\n\t\t\t\t\t<\/div>\n\t\t<\/div>\n\t\t\t\t\t<\/div>\n\t\t<\/section>\n\t\t\t\t<section class=\"elementor-section elementor-top-section elementor-element elementor-element-d121200 elementor-section-boxed elementor-section-height-default elementor-section-height-default\" data-id=\"d121200\" data-element_type=\"section\" data-e-type=\"section\">\n\t\t\t\t\t\t<div class=\"elementor-container elementor-column-gap-default\">\n\t\t\t\t\t<div class=\"elementor-column elementor-col-100 elementor-top-column elementor-element elementor-element-b434eb4\" data-id=\"b434eb4\" data-element_type=\"column\" data-e-type=\"column\">\n\t\t\t<div class=\"elementor-widget-wrap\">\n\t\t\t\t\t\t\t<\/div>\n\t\t<\/div>\n\t\t\t\t\t<\/div>\n\t\t<\/section>\n\t\t\t\t<section class=\"elementor-section elementor-top-section elementor-element elementor-element-a386a5e elementor-section-boxed elementor-section-height-default elementor-section-height-default\" data-id=\"a386a5e\" data-element_type=\"section\" data-e-type=\"section\">\n\t\t\t\t\t\t<div class=\"elementor-container elementor-column-gap-default\">\n\t\t\t\t\t<div class=\"elementor-column elementor-col-100 elementor-top-column elementor-element elementor-element-4f8882e\" data-id=\"4f8882e\" data-element_type=\"column\" data-e-type=\"column\">\n\t\t\t<div class=\"elementor-widget-wrap elementor-element-populated\">\n\t\t\t\t\t\t<div class=\"elementor-element elementor-element-5a14f12 elementor-widget elementor-widget-text-editor\" data-id=\"5a14f12\" data-element_type=\"widget\" data-e-type=\"widget\" data-widget_type=\"text-editor.default\">\n\t\t\t\t<div class=\"elementor-widget-container\">\n\t\t\t\t\t\t\t\t\t<p>Em 2020 Stevie Cutts criou um complemento, acreditamos que mais adequado ao cen\u00e1rio regenerativo em vigor, onde a Natureza se faz mais sujeito no processo e n\u00f3s ainda podemos escolher algumas coisas.<\/p>\t\t\t\t\t\t\t\t<\/div>\n\t\t\t\t<\/div>\n\t\t\t\t<div class=\"elementor-element elementor-element-9e11af9 elementor-widget elementor-widget-video\" data-id=\"9e11af9\" data-element_type=\"widget\" data-e-type=\"widget\" data-settings=\"{&quot;youtube_url&quot;:&quot;https:\\\/\\\/www.youtube.com\\\/embed\\\/DaFRheiGED0&quot;,&quot;video_type&quot;:&quot;youtube&quot;,&quot;controls&quot;:&quot;yes&quot;}\" data-widget_type=\"video.default\">\n\t\t\t\t<div class=\"elementor-widget-container\">\n\t\t\t\t\t\t\t<div class=\"elementor-wrapper elementor-open-inline\">\n\t\t\t<div class=\"elementor-video\"><\/div>\t\t<\/div>\n\t\t\t\t\t\t<\/div>\n\t\t\t\t<\/div>\n\t\t\t\t\t<\/div>\n\t\t<\/div>\n\t\t\t\t\t<\/div>\n\t\t<\/section>\n\t\t\t\t<\/div>\n\t\t","protected":false},"excerpt":{"rendered":"<p>Lan\u00e7ada em 2012, a anima\u00e7\u00e3o Man de Stevie Cutts fez sucesso contando algumas hist\u00f3rias sem palavras sobre nossa vida no planeta Terra, permitindo muitas reflex\u00f5es. https:\/\/www.youtube.com\/embed\/WfGMYdalClU Em 2020 Stevie Cutts criou um complemento, acreditamos que mais adequado ao cen\u00e1rio regenerativo em vigor, onde a Natureza se faz mais sujeito no processo e n\u00f3s ainda podemos&#46;&#46;&#46;<\/p>\n","protected":false},"author":1,"featured_media":41,"comment_status":"closed","ping_status":"open","sticky":false,"template":"","format":"video","meta":{"footnotes":""},"categories":[7],"tags":[13,16,15,10,11,12,14],"class_list":["post-65","post","type-post","status-publish","format-video","has-post-thumbnail","hentry","category-conversas","tag-animacao","tag-desmatamento","tag-destruicao","tag-man","tag-man-2020","tag-stevie-cutts","tag-sustentabilidade","post_format-post-format-video"],"yoast_head":"<!-- This site is optimized with the Yoast SEO plugin v27.0 - https:\/\/yoast.com\/product\/yoast-seo-wordpress\/ -->\n<title>Uma hist\u00f3ria sem palavras - Conversando com as \u00c1guas<\/title>\n<meta name=\"description\" content=\"Conversando com as \u00e1guas, porque eu amo morar neste planeta abundante porque nele nunca falta \u00e1gua\" \/>\n<meta name=\"robots\" content=\"index, follow, max-snippet:-1, max-image-preview:large, max-video-preview:-1\" \/>\n<link rel=\"canonical\" href=\"https:\/\/caminhodasaguas.org.br\/vida\/uma-historia-sem-palavras\/\" \/>\n<meta property=\"og:locale\" content=\"pt_BR\" \/>\n<meta property=\"og:type\" content=\"article\" \/>\n<meta property=\"og:title\" content=\"Uma hist\u00f3ria sem palavras - Conversando com as \u00c1guas\" \/>\n<meta property=\"og:description\" content=\"Conversando com as \u00e1guas, porque eu amo morar neste planeta abundante porque nele nunca falta \u00e1gua\" \/>\n<meta property=\"og:url\" content=\"https:\/\/caminhodasaguas.org.br\/vida\/uma-historia-sem-palavras\/\" \/>\n<meta property=\"og:site_name\" content=\"Conversando com as \u00c1guas\" \/>\n<meta property=\"article:publisher\" content=\"https:\/\/facebook.com\/caminhodasaguas\" \/>\n<meta property=\"article:published_time\" content=\"2021-09-01T03:31:17+00:00\" \/>\n<meta property=\"article:modified_time\" content=\"2021-09-22T04:58:12+00:00\" \/>\n<meta property=\"og:image\" content=\"https:\/\/caminhodasaguas.org.br\/vida\/wp-content\/uploads\/sites\/5\/2021\/09\/9635a268-77f7-11ea-9479-e3cad17ef2b4_image_hires_055639.jpg\" \/>\n\t<meta property=\"og:image:width\" content=\"1200\" \/>\n\t<meta property=\"og:image:height\" content=\"800\" \/>\n\t<meta property=\"og:image:type\" content=\"image\/jpeg\" \/>\n<meta name=\"author\" content=\"Netuno\" \/>\n<meta name=\"twitter:card\" content=\"summary_large_image\" \/>\n<meta name=\"twitter:creator\" content=\"@caminhodasaguas\" \/>\n<meta name=\"twitter:site\" content=\"@caminhodasaguas\" \/>\n<meta name=\"twitter:label1\" content=\"Escrito por\" \/>\n\t<meta name=\"twitter:data1\" content=\"Netuno\" \/>\n\t<meta name=\"twitter:label2\" content=\"Est. tempo de leitura\" \/>\n\t<meta name=\"twitter:data2\" content=\"1 minuto\" \/>\n<script type=\"application\/ld+json\" class=\"yoast-schema-graph\">{\"@context\":\"https:\/\/schema.org\",\"@graph\":[{\"@type\":\"Article\",\"@id\":\"https:\/\/caminhodasaguas.org.br\/vida\/uma-historia-sem-palavras\/#article\",\"isPartOf\":{\"@id\":\"https:\/\/caminhodasaguas.org.br\/vida\/uma-historia-sem-palavras\/\"},\"author\":{\"name\":\"Netuno\",\"@id\":\"https:\/\/caminhodasaguas.org.br\/vida\/#\/schema\/person\/4c4f4143eceaa9dbbbe513c2e83ba768\"},\"headline\":\"Uma hist\u00f3ria sem palavras\",\"datePublished\":\"2021-09-01T03:31:17+00:00\",\"dateModified\":\"2021-09-22T04:58:12+00:00\",\"mainEntityOfPage\":{\"@id\":\"https:\/\/caminhodasaguas.org.br\/vida\/uma-historia-sem-palavras\/\"},\"wordCount\":77,\"publisher\":{\"@id\":\"https:\/\/caminhodasaguas.org.br\/vida\/#organization\"},\"image\":{\"@id\":\"https:\/\/caminhodasaguas.org.br\/vida\/uma-historia-sem-palavras\/#primaryimage\"},\"thumbnailUrl\":\"https:\/\/caminhodasaguas.org.br\/vida\/wp-content\/uploads\/sites\/5\/2021\/09\/9635a268-77f7-11ea-9479-e3cad17ef2b4_image_hires_055639.jpg\",\"keywords\":[\"anima\u00e7\u00e3o\",\"desmatamento\",\"destrui\u00e7\u00e3o\",\"man\",\"man 2020\",\"stevie cutts\",\"sustentabilidade\"],\"articleSection\":[\"Conversas\"],\"inLanguage\":\"pt-BR\"},{\"@type\":\"WebPage\",\"@id\":\"https:\/\/caminhodasaguas.org.br\/vida\/uma-historia-sem-palavras\/\",\"url\":\"https:\/\/caminhodasaguas.org.br\/vida\/uma-historia-sem-palavras\/\",\"name\":\"Uma hist\u00f3ria sem palavras - Conversando com as \u00c1guas\",\"isPartOf\":{\"@id\":\"https:\/\/caminhodasaguas.org.br\/vida\/#website\"},\"primaryImageOfPage\":{\"@id\":\"https:\/\/caminhodasaguas.org.br\/vida\/uma-historia-sem-palavras\/#primaryimage\"},\"image\":{\"@id\":\"https:\/\/caminhodasaguas.org.br\/vida\/uma-historia-sem-palavras\/#primaryimage\"},\"thumbnailUrl\":\"https:\/\/caminhodasaguas.org.br\/vida\/wp-content\/uploads\/sites\/5\/2021\/09\/9635a268-77f7-11ea-9479-e3cad17ef2b4_image_hires_055639.jpg\",\"datePublished\":\"2021-09-01T03:31:17+00:00\",\"dateModified\":\"2021-09-22T04:58:12+00:00\",\"description\":\"Conversando com as \u00e1guas, porque eu amo morar neste planeta abundante porque nele nunca falta \u00e1gua\",\"breadcrumb\":{\"@id\":\"https:\/\/caminhodasaguas.org.br\/vida\/uma-historia-sem-palavras\/#breadcrumb\"},\"inLanguage\":\"pt-BR\",\"potentialAction\":[{\"@type\":\"ReadAction\",\"target\":[\"https:\/\/caminhodasaguas.org.br\/vida\/uma-historia-sem-palavras\/\"]}]},{\"@type\":\"ImageObject\",\"inLanguage\":\"pt-BR\",\"@id\":\"https:\/\/caminhodasaguas.org.br\/vida\/uma-historia-sem-palavras\/#primaryimage\",\"url\":\"https:\/\/caminhodasaguas.org.br\/vida\/wp-content\/uploads\/sites\/5\/2021\/09\/9635a268-77f7-11ea-9479-e3cad17ef2b4_image_hires_055639.jpg\",\"contentUrl\":\"https:\/\/caminhodasaguas.org.br\/vida\/wp-content\/uploads\/sites\/5\/2021\/09\/9635a268-77f7-11ea-9479-e3cad17ef2b4_image_hires_055639.jpg\",\"width\":1200,\"height\":800},{\"@type\":\"BreadcrumbList\",\"@id\":\"https:\/\/caminhodasaguas.org.br\/vida\/uma-historia-sem-palavras\/#breadcrumb\",\"itemListElement\":[{\"@type\":\"ListItem\",\"position\":1,\"name\":\"In\u00edcio\",\"item\":\"https:\/\/caminhodasaguas.org.br\/vida\/\"},{\"@type\":\"ListItem\",\"position\":2,\"name\":\"Uma hist\u00f3ria sem palavras\"}]},{\"@type\":\"WebSite\",\"@id\":\"https:\/\/caminhodasaguas.org.br\/vida\/#website\",\"url\":\"https:\/\/caminhodasaguas.org.br\/vida\/\",\"name\":\"Conversando com as \u00c1guas\",\"description\":\"Amamos morar neste planeta abundante porque nele nunca falta \u00e1gua\",\"publisher\":{\"@id\":\"https:\/\/caminhodasaguas.org.br\/vida\/#organization\"},\"potentialAction\":[{\"@type\":\"SearchAction\",\"target\":{\"@type\":\"EntryPoint\",\"urlTemplate\":\"https:\/\/caminhodasaguas.org.br\/vida\/?s={search_term_string}\"},\"query-input\":{\"@type\":\"PropertyValueSpecification\",\"valueRequired\":true,\"valueName\":\"search_term_string\"}}],\"inLanguage\":\"pt-BR\"},{\"@type\":\"Organization\",\"@id\":\"https:\/\/caminhodasaguas.org.br\/vida\/#organization\",\"name\":\"ONG Caminho das \u00c1guas\",\"url\":\"https:\/\/caminhodasaguas.org.br\/vida\/\",\"logo\":{\"@type\":\"ImageObject\",\"inLanguage\":\"pt-BR\",\"@id\":\"https:\/\/caminhodasaguas.org.br\/vida\/#\/schema\/logo\/image\/\",\"url\":\"https:\/\/caminhodasaguas.org.br\/vida\/wp-content\/uploads\/sites\/5\/2022\/09\/logo-ch2o_500px.png\",\"contentUrl\":\"https:\/\/caminhodasaguas.org.br\/vida\/wp-content\/uploads\/sites\/5\/2022\/09\/logo-ch2o_500px.png\",\"width\":500,\"height\":500,\"caption\":\"ONG Caminho das \u00c1guas\"},\"image\":{\"@id\":\"https:\/\/caminhodasaguas.org.br\/vida\/#\/schema\/logo\/image\/\"},\"sameAs\":[\"https:\/\/facebook.com\/caminhodasaguas\",\"https:\/\/x.com\/caminhodasaguas\",\"https:\/\/instagram.com\/caminhoh2o\",\"https:\/\/www.linkedin.com\/company\/ong-caminho-das-guas\"]},{\"@type\":\"Person\",\"@id\":\"https:\/\/caminhodasaguas.org.br\/vida\/#\/schema\/person\/4c4f4143eceaa9dbbbe513c2e83ba768\",\"name\":\"Netuno\",\"image\":{\"@type\":\"ImageObject\",\"inLanguage\":\"pt-BR\",\"@id\":\"https:\/\/caminhodasaguas.org.br\/vida\/#\/schema\/person\/image\/\",\"url\":\"https:\/\/secure.gravatar.com\/avatar\/1cf0626080881652ef4054ade0e09bec5cd63d7128e3e12b02f3713009d8e8df?s=96&d=mm&r=g\",\"contentUrl\":\"https:\/\/secure.gravatar.com\/avatar\/1cf0626080881652ef4054ade0e09bec5cd63d7128e3e12b02f3713009d8e8df?s=96&d=mm&r=g\",\"caption\":\"Netuno\"}}]}<\/script>\n<!-- \/ Yoast SEO plugin. -->","yoast_head_json":{"title":"Uma hist\u00f3ria sem palavras - Conversando com as \u00c1guas","description":"Conversando com as \u00e1guas, porque eu amo morar neste planeta abundante porque nele nunca falta \u00e1gua","robots":{"index":"index","follow":"follow","max-snippet":"max-snippet:-1","max-image-preview":"max-image-preview:large","max-video-preview":"max-video-preview:-1"},"canonical":"https:\/\/caminhodasaguas.org.br\/vida\/uma-historia-sem-palavras\/","og_locale":"pt_BR","og_type":"article","og_title":"Uma hist\u00f3ria sem palavras - Conversando com as \u00c1guas","og_description":"Conversando com as \u00e1guas, porque eu amo morar neste planeta abundante porque nele nunca falta \u00e1gua","og_url":"https:\/\/caminhodasaguas.org.br\/vida\/uma-historia-sem-palavras\/","og_site_name":"Conversando com as \u00c1guas","article_publisher":"https:\/\/facebook.com\/caminhodasaguas","article_published_time":"2021-09-01T03:31:17+00:00","article_modified_time":"2021-09-22T04:58:12+00:00","og_image":[{"width":1200,"height":800,"url":"https:\/\/caminhodasaguas.org.br\/vida\/wp-content\/uploads\/sites\/5\/2021\/09\/9635a268-77f7-11ea-9479-e3cad17ef2b4_image_hires_055639.jpg","type":"image\/jpeg"}],"author":"Netuno","twitter_card":"summary_large_image","twitter_creator":"@caminhodasaguas","twitter_site":"@caminhodasaguas","twitter_misc":{"Escrito por":"Netuno","Est. tempo de leitura":"1 minuto"},"schema":{"@context":"https:\/\/schema.org","@graph":[{"@type":"Article","@id":"https:\/\/caminhodasaguas.org.br\/vida\/uma-historia-sem-palavras\/#article","isPartOf":{"@id":"https:\/\/caminhodasaguas.org.br\/vida\/uma-historia-sem-palavras\/"},"author":{"name":"Netuno","@id":"https:\/\/caminhodasaguas.org.br\/vida\/#\/schema\/person\/4c4f4143eceaa9dbbbe513c2e83ba768"},"headline":"Uma hist\u00f3ria sem palavras","datePublished":"2021-09-01T03:31:17+00:00","dateModified":"2021-09-22T04:58:12+00:00","mainEntityOfPage":{"@id":"https:\/\/caminhodasaguas.org.br\/vida\/uma-historia-sem-palavras\/"},"wordCount":77,"publisher":{"@id":"https:\/\/caminhodasaguas.org.br\/vida\/#organization"},"image":{"@id":"https:\/\/caminhodasaguas.org.br\/vida\/uma-historia-sem-palavras\/#primaryimage"},"thumbnailUrl":"https:\/\/caminhodasaguas.org.br\/vida\/wp-content\/uploads\/sites\/5\/2021\/09\/9635a268-77f7-11ea-9479-e3cad17ef2b4_image_hires_055639.jpg","keywords":["anima\u00e7\u00e3o","desmatamento","destrui\u00e7\u00e3o","man","man 2020","stevie cutts","sustentabilidade"],"articleSection":["Conversas"],"inLanguage":"pt-BR"},{"@type":"WebPage","@id":"https:\/\/caminhodasaguas.org.br\/vida\/uma-historia-sem-palavras\/","url":"https:\/\/caminhodasaguas.org.br\/vida\/uma-historia-sem-palavras\/","name":"Uma hist\u00f3ria sem palavras - Conversando com as \u00c1guas","isPartOf":{"@id":"https:\/\/caminhodasaguas.org.br\/vida\/#website"},"primaryImageOfPage":{"@id":"https:\/\/caminhodasaguas.org.br\/vida\/uma-historia-sem-palavras\/#primaryimage"},"image":{"@id":"https:\/\/caminhodasaguas.org.br\/vida\/uma-historia-sem-palavras\/#primaryimage"},"thumbnailUrl":"https:\/\/caminhodasaguas.org.br\/vida\/wp-content\/uploads\/sites\/5\/2021\/09\/9635a268-77f7-11ea-9479-e3cad17ef2b4_image_hires_055639.jpg","datePublished":"2021-09-01T03:31:17+00:00","dateModified":"2021-09-22T04:58:12+00:00","description":"Conversando com as \u00e1guas, porque eu amo morar neste planeta abundante porque nele nunca falta \u00e1gua","breadcrumb":{"@id":"https:\/\/caminhodasaguas.org.br\/vida\/uma-historia-sem-palavras\/#breadcrumb"},"inLanguage":"pt-BR","potentialAction":[{"@type":"ReadAction","target":["https:\/\/caminhodasaguas.org.br\/vida\/uma-historia-sem-palavras\/"]}]},{"@type":"ImageObject","inLanguage":"pt-BR","@id":"https:\/\/caminhodasaguas.org.br\/vida\/uma-historia-sem-palavras\/#primaryimage","url":"https:\/\/caminhodasaguas.org.br\/vida\/wp-content\/uploads\/sites\/5\/2021\/09\/9635a268-77f7-11ea-9479-e3cad17ef2b4_image_hires_055639.jpg","contentUrl":"https:\/\/caminhodasaguas.org.br\/vida\/wp-content\/uploads\/sites\/5\/2021\/09\/9635a268-77f7-11ea-9479-e3cad17ef2b4_image_hires_055639.jpg","width":1200,"height":800},{"@type":"BreadcrumbList","@id":"https:\/\/caminhodasaguas.org.br\/vida\/uma-historia-sem-palavras\/#breadcrumb","itemListElement":[{"@type":"ListItem","position":1,"name":"In\u00edcio","item":"https:\/\/caminhodasaguas.org.br\/vida\/"},{"@type":"ListItem","position":2,"name":"Uma hist\u00f3ria sem palavras"}]},{"@type":"WebSite","@id":"https:\/\/caminhodasaguas.org.br\/vida\/#website","url":"https:\/\/caminhodasaguas.org.br\/vida\/","name":"Conversando com as \u00c1guas","description":"Amamos morar neste planeta abundante porque nele nunca falta \u00e1gua","publisher":{"@id":"https:\/\/caminhodasaguas.org.br\/vida\/#organization"},"potentialAction":[{"@type":"SearchAction","target":{"@type":"EntryPoint","urlTemplate":"https:\/\/caminhodasaguas.org.br\/vida\/?s={search_term_string}"},"query-input":{"@type":"PropertyValueSpecification","valueRequired":true,"valueName":"search_term_string"}}],"inLanguage":"pt-BR"},{"@type":"Organization","@id":"https:\/\/caminhodasaguas.org.br\/vida\/#organization","name":"ONG Caminho das \u00c1guas","url":"https:\/\/caminhodasaguas.org.br\/vida\/","logo":{"@type":"ImageObject","inLanguage":"pt-BR","@id":"https:\/\/caminhodasaguas.org.br\/vida\/#\/schema\/logo\/image\/","url":"https:\/\/caminhodasaguas.org.br\/vida\/wp-content\/uploads\/sites\/5\/2022\/09\/logo-ch2o_500px.png","contentUrl":"https:\/\/caminhodasaguas.org.br\/vida\/wp-content\/uploads\/sites\/5\/2022\/09\/logo-ch2o_500px.png","width":500,"height":500,"caption":"ONG Caminho das \u00c1guas"},"image":{"@id":"https:\/\/caminhodasaguas.org.br\/vida\/#\/schema\/logo\/image\/"},"sameAs":["https:\/\/facebook.com\/caminhodasaguas","https:\/\/x.com\/caminhodasaguas","https:\/\/instagram.com\/caminhoh2o","https:\/\/www.linkedin.com\/company\/ong-caminho-das-guas"]},{"@type":"Person","@id":"https:\/\/caminhodasaguas.org.br\/vida\/#\/schema\/person\/4c4f4143eceaa9dbbbe513c2e83ba768","name":"Netuno","image":{"@type":"ImageObject","inLanguage":"pt-BR","@id":"https:\/\/caminhodasaguas.org.br\/vida\/#\/schema\/person\/image\/","url":"https:\/\/secure.gravatar.com\/avatar\/1cf0626080881652ef4054ade0e09bec5cd63d7128e3e12b02f3713009d8e8df?s=96&d=mm&r=g","contentUrl":"https:\/\/secure.gravatar.com\/avatar\/1cf0626080881652ef4054ade0e09bec5cd63d7128e3e12b02f3713009d8e8df?s=96&d=mm&r=g","caption":"Netuno"}}]}},"_links":{"self":[{"href":"https:\/\/caminhodasaguas.org.br\/vida\/wp-json\/wp\/v2\/posts\/65","targetHints":{"allow":["GET"]}}],"collection":[{"href":"https:\/\/caminhodasaguas.org.br\/vida\/wp-json\/wp\/v2\/posts"}],"about":[{"href":"https:\/\/caminhodasaguas.org.br\/vida\/wp-json\/wp\/v2\/types\/post"}],"author":[{"embeddable":true,"href":"https:\/\/caminhodasaguas.org.br\/vida\/wp-json\/wp\/v2\/users\/1"}],"replies":[{"embeddable":true,"href":"https:\/\/caminhodasaguas.org.br\/vida\/wp-json\/wp\/v2\/comments?post=65"}],"version-history":[{"count":8,"href":"https:\/\/caminhodasaguas.org.br\/vida\/wp-json\/wp\/v2\/posts\/65\/revisions"}],"predecessor-version":[{"id":105,"href":"https:\/\/caminhodasaguas.org.br\/vida\/wp-json\/wp\/v2\/posts\/65\/revisions\/105"}],"wp:featuredmedia":[{"embeddable":true,"href":"https:\/\/caminhodasaguas.org.br\/vida\/wp-json\/wp\/v2\/media\/41"}],"wp:attachment":[{"href":"https:\/\/caminhodasaguas.org.br\/vida\/wp-json\/wp\/v2\/media?parent=65"}],"wp:term":[{"taxonomy":"category","embeddable":true,"href":"https:\/\/caminhodasaguas.org.br\/vida\/wp-json\/wp\/v2\/categories?post=65"},{"taxonomy":"post_tag","embeddable":true,"href":"https:\/\/caminhodasaguas.org.br\/vida\/wp-json\/wp\/v2\/tags?post=65"}],"curies":[{"name":"wp","href":"https:\/\/api.w.org\/{rel}","templated":true}]}}